{"id":17577,"date":"2024-11-11T10:10:20","date_gmt":"2024-11-11T09:10:20","guid":{"rendered":"https:\/\/www.valpineta.eu\/liena-por-liena\/"},"modified":"2025-02-19T18:25:12","modified_gmt":"2025-02-19T17:25:12","slug":"liena-por-liena","status":"publish","type":"post","link":"https:\/\/www.valpineta.eu\/fr\/liena-por-liena\/","title":{"rendered":"Et pourquoi Liena?"},"content":{"rendered":"\n<h2>\n\t\tEt pourquoi Liena?\n\t<\/h2>\n\t\t\t\t<img loading=\"lazy\" decoding=\"async\" src=\"https:\/\/www.valpineta.eu\/wp-content\/uploads\/2024\/11\/signal-2024-11-11-215113_002.jpeg\" alt=\"signal-2024-11-11-215113_002\" itemprop=\"image\" height=\"2048\" width=\"1365\" title=\"signal-2024-11-11-215113_002\" onerror=\"this.style.display='none'\"  \/>\n\tParce que c&rsquo;est un magnifique point de vue sur des massifs tels que les Posets, la Cotiella, le Mont Perdu ou la Munia.<br \/>\nParce qu&rsquo;il est \u00e0 la jonction du calcaire et du granit. De l\u00e0 ses minerais, ses mines et son histoire.<br \/>\nParce que sa faible fr\u00e9quentation permet de profiter de la beaut\u00e9 vivante de la montagne : for\u00eats, cascades, corbeaux, prairies, isards, vautours, cr\u00eates et sommets enneig\u00e9s.\n<p>L&rsquo;itin\u00e9raire de ce week-end a consist\u00e9, en partant de la douane, \u00e0 grimper au pic de Liena, en passant par le cirque cach\u00e9 du m\u00eame nom. Nous avons suivi les chemins des mines, en zigzaguant doucement \u00e0 travers l&rsquo;histoire. Avec les wagons charg\u00e9s de minerai, encore accroch\u00e9s aux c\u00e2bles, en suspens&#8230;<\/p>\n<p>Comme le temps.<\/p>\n\t\t\t<a href=\"https:\/\/www.valpineta.eu\/fr\/excursion\/pico-de-liena-circuito-por-el-circo-de-liena\/\" target=\"_self\" role=\"button\" rel=\"noopener\">\n\t\t\t\t\t\t\tPic de Liena, circuit par le cirque de Liena\n\t\t\t\t\t<\/a>\n\t\t\t<a href=\"https:\/\/www.valpineta.eu\/fr\/excursion\/pineta-barroude-camino-de-las-pardas\/\" target=\"_self\" role=\"button\" rel=\"noopener\">\n\t\t\t\t\t\t\tPic de Liena, las Pardas, chemin des ing\u00e9nieurs\n\t\t\t\t\t<\/a>\n\t\t\t<a href=\"https:\/\/www.valpineta.eu\/fr\/excursion\/liena-ida-y-vuelta-desde-barrosa-2\/\" target=\"_self\" role=\"button\" rel=\"noopener\">\n\t\t\t\t\t\t\tPic de Liena, aller-retour depuis Barrosa\n\t\t\t\t\t<\/a>\n\t\t\t<a href=\"https:\/\/www.valpineta.eu\/skirandoraquette\/punta-de-liena-desde-el-valle-del-real\/\" target=\"_self\" role=\"button\" rel=\"noopener\">\n\t\t\t\t\t\t\tLiena en ski de rando ?\n\t\t\t\t\t<\/a>\n<h3>\n\t\tFotos del 10\/11\/24\n\t<\/h3>\n\n","protected":false},"excerpt":{"rendered":"<p>Et pourquoi Liena? Parce que c&rsquo;est un magnifique point de vue sur des massifs tels que les Posets, la Cotiella, le Mont Perdu ou la Munia. Parce qu&rsquo;il est \u00e0 la jonction du calcaire et du granit. De l\u00e0 ses minerais, ses mines et son histoire. Parce que sa faible fr\u00e9quentation permet de profiter de&hellip;<\/p>\n","protected":false},"author":2,"featured_media":17537,"comment_status":"open","ping_status":"open","sticky":false,"template":"tpl-full-width.php","format":"standard","meta":{"footnotes":""},"categories":[1,36],"tags":[],"yoast_head":"<!-- This site is optimized with the Yoast SEO plugin v24.5 - https:\/\/yoast.com\/wordpress\/plugins\/seo\/ -->\n<title>Et pourquoi Liena? - Refugio Pineta (Valpineta)<\/title>\n<meta name=\"robots\" content=\"index, follow, max-snippet:-1, max-image-preview:large, max-video-preview:-1\" \/>\n<link rel=\"canonical\" href=\"https:\/\/www.valpineta.eu\/fr\/liena-por-liena\/\" \/>\n<meta property=\"og:locale\" content=\"fr_FR\" \/>\n<meta property=\"og:type\" content=\"article\" \/>\n<meta property=\"og:title\" content=\"Et pourquoi Liena? - Refugio Pineta (Valpineta)\" \/>\n<meta property=\"og:description\" content=\"Et pourquoi Liena? Parce que c&rsquo;est un magnifique point de vue sur des massifs tels que les Posets, la Cotiella, le Mont Perdu ou la Munia. Parce qu&rsquo;il est \u00e0 la jonction du calcaire et du granit. De l\u00e0 ses minerais, ses mines et son histoire. Parce que sa faible fr\u00e9quentation permet de profiter de&hellip;\" \/>\n<meta property=\"og:url\" content=\"https:\/\/www.valpineta.eu\/fr\/liena-por-liena\/\" \/>\n<meta property=\"og:site_name\" content=\"Refugio Pineta (Valpineta)\" \/>\n<meta property=\"article:publisher\" content=\"https:\/\/www.facebook.com\/Refugio-d-Pineta-1689373461292734\/\" \/>\n<meta property=\"article:published_time\" content=\"2024-11-11T09:10:20+00:00\" \/>\n<meta property=\"article:modified_time\" content=\"2025-02-19T17:25:12+00:00\" \/>\n<meta property=\"og:image\" content=\"https:\/\/www.valpineta.eu\/wp-content\/uploads\/2024\/11\/PB100066_stitch-copiep-scaled.jpg\" \/>\n\t<meta property=\"og:image:width\" content=\"2560\" \/>\n\t<meta property=\"og:image:height\" content=\"1422\" \/>\n\t<meta property=\"og:image:type\" content=\"image\/jpeg\" \/>\n<meta name=\"author\" content=\"mariekique\" \/>\n<meta name=\"twitter:card\" content=\"summary_large_image\" \/>\n<meta name=\"twitter:label1\" content=\"\u00c9crit par\" \/>\n\t<meta name=\"twitter:data1\" content=\"mariekique\" \/>\n\t<meta name=\"twitter:label2\" content=\"Dur\u00e9e de lecture estim\u00e9e\" \/>\n\t<meta name=\"twitter:data2\" content=\"3 minutes\" \/>\n<script type=\"application\/ld+json\" class=\"yoast-schema-graph\">{\"@context\":\"https:\/\/schema.org\",\"@graph\":[{\"@type\":\"Article\",\"@id\":\"https:\/\/www.valpineta.eu\/fr\/liena-por-liena\/#article\",\"isPartOf\":{\"@id\":\"https:\/\/www.valpineta.eu\/fr\/liena-por-liena\/\"},\"author\":{\"name\":\"mariekique\",\"@id\":\"https:\/\/www.valpineta.eu\/#\/schema\/person\/b17ad5391f410d1e0afce3171c59cd6f\"},\"headline\":\"Et pourquoi Liena?\",\"datePublished\":\"2024-11-11T09:10:20+00:00\",\"dateModified\":\"2025-02-19T17:25:12+00:00\",\"mainEntityOfPage\":{\"@id\":\"https:\/\/www.valpineta.eu\/fr\/liena-por-liena\/\"},\"wordCount\":165,\"commentCount\":0,\"publisher\":{\"@id\":\"https:\/\/www.valpineta.eu\/#organization\"},\"image\":{\"@id\":\"https:\/\/www.valpineta.eu\/fr\/liena-por-liena\/#primaryimage\"},\"thumbnailUrl\":\"https:\/\/www.valpineta.eu\/wp-content\/uploads\/2024\/11\/PB100066_stitch-copiep-scaled.jpg\",\"articleSection\":[\"Non classifi\u00e9(e)\",\"Verano\"],\"inLanguage\":\"fr-FR\",\"potentialAction\":[{\"@type\":\"CommentAction\",\"name\":\"Comment\",\"target\":[\"https:\/\/www.valpineta.eu\/fr\/liena-por-liena\/#respond\"]}]},{\"@type\":\"WebPage\",\"@id\":\"https:\/\/www.valpineta.eu\/fr\/liena-por-liena\/\",\"url\":\"https:\/\/www.valpineta.eu\/fr\/liena-por-liena\/\",\"name\":\"Et pourquoi Liena? - Refugio Pineta (Valpineta)\",\"isPartOf\":{\"@id\":\"https:\/\/www.valpineta.eu\/#website\"},\"primaryImageOfPage\":{\"@id\":\"https:\/\/www.valpineta.eu\/fr\/liena-por-liena\/#primaryimage\"},\"image\":{\"@id\":\"https:\/\/www.valpineta.eu\/fr\/liena-por-liena\/#primaryimage\"},\"thumbnailUrl\":\"https:\/\/www.valpineta.eu\/wp-content\/uploads\/2024\/11\/PB100066_stitch-copiep-scaled.jpg\",\"datePublished\":\"2024-11-11T09:10:20+00:00\",\"dateModified\":\"2025-02-19T17:25:12+00:00\",\"breadcrumb\":{\"@id\":\"https:\/\/www.valpineta.eu\/fr\/liena-por-liena\/#breadcrumb\"},\"inLanguage\":\"fr-FR\",\"potentialAction\":[{\"@type\":\"ReadAction\",\"target\":[\"https:\/\/www.valpineta.eu\/fr\/liena-por-liena\/\"]}]},{\"@type\":\"ImageObject\",\"inLanguage\":\"fr-FR\",\"@id\":\"https:\/\/www.valpineta.eu\/fr\/liena-por-liena\/#primaryimage\",\"url\":\"https:\/\/www.valpineta.eu\/wp-content\/uploads\/2024\/11\/PB100066_stitch-copiep-scaled.jpg\",\"contentUrl\":\"https:\/\/www.valpineta.eu\/wp-content\/uploads\/2024\/11\/PB100066_stitch-copiep-scaled.jpg\",\"width\":2560,\"height\":1422},{\"@type\":\"BreadcrumbList\",\"@id\":\"https:\/\/www.valpineta.eu\/fr\/liena-por-liena\/#breadcrumb\",\"itemListElement\":[{\"@type\":\"ListItem\",\"position\":1,\"name\":\"Accueil\",\"item\":\"https:\/\/www.valpineta.eu\/fr\/\"},{\"@type\":\"ListItem\",\"position\":2,\"name\":\"Et pourquoi Liena?\"}]},{\"@type\":\"WebSite\",\"@id\":\"https:\/\/www.valpineta.eu\/#website\",\"url\":\"https:\/\/www.valpineta.eu\/\",\"name\":\"Refugio Pineta (Valpineta)\",\"description\":\"Refugio Pineta : La porte de tes r\u00eaves, oses la franchir, et tu te trouveras\",\"publisher\":{\"@id\":\"https:\/\/www.valpineta.eu\/#organization\"},\"potentialAction\":[{\"@type\":\"SearchAction\",\"target\":{\"@type\":\"EntryPoint\",\"urlTemplate\":\"https:\/\/www.valpineta.eu\/?s={search_term_string}\"},\"query-input\":{\"@type\":\"PropertyValueSpecification\",\"valueRequired\":true,\"valueName\":\"search_term_string\"}}],\"inLanguage\":\"fr-FR\"},{\"@type\":\"Organization\",\"@id\":\"https:\/\/www.valpineta.eu\/#organization\",\"name\":\"Refugio Pineta\",\"url\":\"https:\/\/www.valpineta.eu\/\",\"logo\":{\"@type\":\"ImageObject\",\"inLanguage\":\"fr-FR\",\"@id\":\"https:\/\/www.valpineta.eu\/#\/schema\/logo\/image\/\",\"url\":\"https:\/\/www.valpineta.eu\/wp-content\/uploads\/2019\/12\/LOGO-copie-vert.jpg\",\"contentUrl\":\"https:\/\/www.valpineta.eu\/wp-content\/uploads\/2019\/12\/LOGO-copie-vert.jpg\",\"width\":751,\"height\":216,\"caption\":\"Refugio Pineta\"},\"image\":{\"@id\":\"https:\/\/www.valpineta.eu\/#\/schema\/logo\/image\/\"},\"sameAs\":[\"https:\/\/www.facebook.com\/Refugio-d-Pineta-1689373461292734\/\"]},{\"@type\":\"Person\",\"@id\":\"https:\/\/www.valpineta.eu\/#\/schema\/person\/b17ad5391f410d1e0afce3171c59cd6f\",\"name\":\"mariekique\",\"image\":{\"@type\":\"ImageObject\",\"inLanguage\":\"fr-FR\",\"@id\":\"https:\/\/www.valpineta.eu\/#\/schema\/person\/image\/\",\"url\":\"https:\/\/secure.gravatar.com\/avatar\/3d0baa711b86900043699a8c52f9ece6?s=96&d=retro&r=g\",\"contentUrl\":\"https:\/\/secure.gravatar.com\/avatar\/3d0baa711b86900043699a8c52f9ece6?s=96&d=retro&r=g\",\"caption\":\"mariekique\"}}]}<\/script>\n<!-- \/ Yoast SEO plugin. -->","yoast_head_json":{"title":"Et pourquoi Liena? - Refugio Pineta (Valpineta)","robots":{"index":"index","follow":"follow","max-snippet":"max-snippet:-1","max-image-preview":"max-image-preview:large","max-video-preview":"max-video-preview:-1"},"canonical":"https:\/\/www.valpineta.eu\/fr\/liena-por-liena\/","og_locale":"fr_FR","og_type":"article","og_title":"Et pourquoi Liena? - Refugio Pineta (Valpineta)","og_description":"Et pourquoi Liena? Parce que c&rsquo;est un magnifique point de vue sur des massifs tels que les Posets, la Cotiella, le Mont Perdu ou la Munia. Parce qu&rsquo;il est \u00e0 la jonction du calcaire et du granit. De l\u00e0 ses minerais, ses mines et son histoire. Parce que sa faible fr\u00e9quentation permet de profiter de&hellip;","og_url":"https:\/\/www.valpineta.eu\/fr\/liena-por-liena\/","og_site_name":"Refugio Pineta (Valpineta)","article_publisher":"https:\/\/www.facebook.com\/Refugio-d-Pineta-1689373461292734\/","article_published_time":"2024-11-11T09:10:20+00:00","article_modified_time":"2025-02-19T17:25:12+00:00","og_image":[{"width":2560,"height":1422,"url":"https:\/\/www.valpineta.eu\/wp-content\/uploads\/2024\/11\/PB100066_stitch-copiep-scaled.jpg","type":"image\/jpeg"}],"author":"mariekique","twitter_card":"summary_large_image","twitter_misc":{"\u00c9crit par":"mariekique","Dur\u00e9e de lecture estim\u00e9e":"3 minutes"},"schema":{"@context":"https:\/\/schema.org","@graph":[{"@type":"Article","@id":"https:\/\/www.valpineta.eu\/fr\/liena-por-liena\/#article","isPartOf":{"@id":"https:\/\/www.valpineta.eu\/fr\/liena-por-liena\/"},"author":{"name":"mariekique","@id":"https:\/\/www.valpineta.eu\/#\/schema\/person\/b17ad5391f410d1e0afce3171c59cd6f"},"headline":"Et pourquoi Liena?","datePublished":"2024-11-11T09:10:20+00:00","dateModified":"2025-02-19T17:25:12+00:00","mainEntityOfPage":{"@id":"https:\/\/www.valpineta.eu\/fr\/liena-por-liena\/"},"wordCount":165,"commentCount":0,"publisher":{"@id":"https:\/\/www.valpineta.eu\/#organization"},"image":{"@id":"https:\/\/www.valpineta.eu\/fr\/liena-por-liena\/#primaryimage"},"thumbnailUrl":"https:\/\/www.valpineta.eu\/wp-content\/uploads\/2024\/11\/PB100066_stitch-copiep-scaled.jpg","articleSection":["Non classifi\u00e9(e)","Verano"],"inLanguage":"fr-FR","potentialAction":[{"@type":"CommentAction","name":"Comment","target":["https:\/\/www.valpineta.eu\/fr\/liena-por-liena\/#respond"]}]},{"@type":"WebPage","@id":"https:\/\/www.valpineta.eu\/fr\/liena-por-liena\/","url":"https:\/\/www.valpineta.eu\/fr\/liena-por-liena\/","name":"Et pourquoi Liena? - Refugio Pineta (Valpineta)","isPartOf":{"@id":"https:\/\/www.valpineta.eu\/#website"},"primaryImageOfPage":{"@id":"https:\/\/www.valpineta.eu\/fr\/liena-por-liena\/#primaryimage"},"image":{"@id":"https:\/\/www.valpineta.eu\/fr\/liena-por-liena\/#primaryimage"},"thumbnailUrl":"https:\/\/www.valpineta.eu\/wp-content\/uploads\/2024\/11\/PB100066_stitch-copiep-scaled.jpg","datePublished":"2024-11-11T09:10:20+00:00","dateModified":"2025-02-19T17:25:12+00:00","breadcrumb":{"@id":"https:\/\/www.valpineta.eu\/fr\/liena-por-liena\/#breadcrumb"},"inLanguage":"fr-FR","potentialAction":[{"@type":"ReadAction","target":["https:\/\/www.valpineta.eu\/fr\/liena-por-liena\/"]}]},{"@type":"ImageObject","inLanguage":"fr-FR","@id":"https:\/\/www.valpineta.eu\/fr\/liena-por-liena\/#primaryimage","url":"https:\/\/www.valpineta.eu\/wp-content\/uploads\/2024\/11\/PB100066_stitch-copiep-scaled.jpg","contentUrl":"https:\/\/www.valpineta.eu\/wp-content\/uploads\/2024\/11\/PB100066_stitch-copiep-scaled.jpg","width":2560,"height":1422},{"@type":"BreadcrumbList","@id":"https:\/\/www.valpineta.eu\/fr\/liena-por-liena\/#breadcrumb","itemListElement":[{"@type":"ListItem","position":1,"name":"Accueil","item":"https:\/\/www.valpineta.eu\/fr\/"},{"@type":"ListItem","position":2,"name":"Et pourquoi Liena?"}]},{"@type":"WebSite","@id":"https:\/\/www.valpineta.eu\/#website","url":"https:\/\/www.valpineta.eu\/","name":"Refugio Pineta (Valpineta)","description":"Refugio Pineta : La porte de tes r\u00eaves, oses la franchir, et tu te trouveras","publisher":{"@id":"https:\/\/www.valpineta.eu\/#organization"},"potentialAction":[{"@type":"SearchAction","target":{"@type":"EntryPoint","urlTemplate":"https:\/\/www.valpineta.eu\/?s={search_term_string}"},"query-input":{"@type":"PropertyValueSpecification","valueRequired":true,"valueName":"search_term_string"}}],"inLanguage":"fr-FR"},{"@type":"Organization","@id":"https:\/\/www.valpineta.eu\/#organization","name":"Refugio Pineta","url":"https:\/\/www.valpineta.eu\/","logo":{"@type":"ImageObject","inLanguage":"fr-FR","@id":"https:\/\/www.valpineta.eu\/#\/schema\/logo\/image\/","url":"https:\/\/www.valpineta.eu\/wp-content\/uploads\/2019\/12\/LOGO-copie-vert.jpg","contentUrl":"https:\/\/www.valpineta.eu\/wp-content\/uploads\/2019\/12\/LOGO-copie-vert.jpg","width":751,"height":216,"caption":"Refugio Pineta"},"image":{"@id":"https:\/\/www.valpineta.eu\/#\/schema\/logo\/image\/"},"sameAs":["https:\/\/www.facebook.com\/Refugio-d-Pineta-1689373461292734\/"]},{"@type":"Person","@id":"https:\/\/www.valpineta.eu\/#\/schema\/person\/b17ad5391f410d1e0afce3171c59cd6f","name":"mariekique","image":{"@type":"ImageObject","inLanguage":"fr-FR","@id":"https:\/\/www.valpineta.eu\/#\/schema\/person\/image\/","url":"https:\/\/secure.gravatar.com\/avatar\/3d0baa711b86900043699a8c52f9ece6?s=96&d=retro&r=g","contentUrl":"https:\/\/secure.gravatar.com\/avatar\/3d0baa711b86900043699a8c52f9ece6?s=96&d=retro&r=g","caption":"mariekique"}}]}},"_links":{"self":[{"href":"https:\/\/www.valpineta.eu\/fr\/wp-json\/wp\/v2\/posts\/17577"}],"collection":[{"href":"https:\/\/www.valpineta.eu\/fr\/wp-json\/wp\/v2\/posts"}],"about":[{"href":"https:\/\/www.valpineta.eu\/fr\/wp-json\/wp\/v2\/types\/post"}],"author":[{"embeddable":true,"href":"https:\/\/www.valpineta.eu\/fr\/wp-json\/wp\/v2\/users\/2"}],"replies":[{"embeddable":true,"href":"https:\/\/www.valpineta.eu\/fr\/wp-json\/wp\/v2\/comments?post=17577"}],"version-history":[{"count":7,"href":"https:\/\/www.valpineta.eu\/fr\/wp-json\/wp\/v2\/posts\/17577\/revisions"}],"predecessor-version":[{"id":17873,"href":"https:\/\/www.valpineta.eu\/fr\/wp-json\/wp\/v2\/posts\/17577\/revisions\/17873"}],"wp:featuredmedia":[{"embeddable":true,"href":"https:\/\/www.valpineta.eu\/fr\/wp-json\/wp\/v2\/media\/17537"}],"wp:attachment":[{"href":"https:\/\/www.valpineta.eu\/fr\/wp-json\/wp\/v2\/media?parent=17577"}],"wp:term":[{"taxonomy":"category","embeddable":true,"href":"https:\/\/www.valpineta.eu\/fr\/wp-json\/wp\/v2\/categories?post=17577"},{"taxonomy":"post_tag","embeddable":true,"href":"https:\/\/www.valpineta.eu\/fr\/wp-json\/wp\/v2\/tags?post=17577"}],"curies":[{"name":"wp","href":"https:\/\/api.w.org\/{rel}","templated":true}]}}