{"id":14497,"date":"2023-07-30T19:55:18","date_gmt":"2023-07-30T17:55:18","guid":{"rendered":"https:\/\/www.valpineta.eu\/el-comodoto-en-solitario\/"},"modified":"2023-08-01T22:24:41","modified_gmt":"2023-08-01T20:24:41","slug":"el-comodoto-en-solitario","status":"publish","type":"post","link":"https:\/\/www.valpineta.eu\/fr\/el-comodoto-en-solitario\/","title":{"rendered":"Le Comodoto en solitario"},"content":{"rendered":"\n<h2>\n\t\tLe Comodoto en solitaire\n\t<\/h2>\n\tJe ne veux voir personne ?<br \/>\nJe pars au Comodoto en montant par \u00ab\u00a0Chemin de Kique\u00a0\u00bb et en descendant les \u00ab\u00a0leras\u00a0\u00bb (pierriers) (Barranco de la Ribareta, Lera Sacos).\n<p>Je rencontrerai des marmottes, des vaches, des izards, des papillons et peu de montagnards.<\/p>\n\t\t\t<a href=\"https:\/\/www.valpineta.eu\/fr\/excursion\/comodoto-leras\/\" target=\"_blank\" role=\"button\" rel=\"noopener\">\n\t\t\t\t\t\t\tCircuit Comodoto, en descendant par les pierriers (1100m &#8211; 10,7km)\n\t\t\t\t\t<\/a>\n<h4>\n\t\tAutres options pour le Comodoto (carte)\n\t<\/h4>\n\t\t\t<a href=\"https:\/\/www.valpineta.eu\/fr\/excursion\/pico-de-comodoto-circular-desde-el-refugio\/\" target=\"_blank\" role=\"button\" rel=\"noopener\">\n\t\t\t\t\t\t\tCircuit depuis le Refuge en descendant par le GR11 (1100m &#8211; 11,7km)\n\t\t\t\t\t<\/a>\n\t\t\t<a href=\"https:\/\/www.valpineta.eu\/fr\/excursion\/circuito-comodoto-due-petramula\/\" target=\"_blank\" role=\"button\" rel=\"noopener\">\n\t\t\t\t\t\t\tCircuit par Petramula et le \u00ab\u00a0Du\u00e9\u00a0\u00bb (520m &#8211; 6km)\n\t\t\t\t\t<\/a>\n\t\t\t<a href=\"https:\/\/www.valpineta.eu\/fr\/excursion\/circuito-comodoto-due-petramula\/\" target=\"_blank\" role=\"button\" rel=\"noopener\">\n\t\t\t\t\t\t\tCircuit par Petramula y le Grau (670m &#8211; 9km)\n\t\t\t\t\t<\/a>\n\t\t\t<a href=\"https:\/\/www.valpineta.eu\/fr\/excursion\/comodoto-circular-por-la-pista-de-la-estiva\/\" target=\"_blank\" role=\"button\" rel=\"noopener\">\n\t\t\t\t\t\t\tCircuit par Espierba et la piste de la Estiva (950m &#8211; 11km)\n\t\t\t\t\t<\/a>\n\t\t\t\t<img loading=\"lazy\" decoding=\"async\" src=\"https:\/\/www.valpineta.eu\/wp-content\/uploads\/2023\/07\/CARTECOMODOTO2.jpg\" alt=\"CARTECOMODOTO2\" itemprop=\"image\" height=\"1047\" width=\"1375\" title=\"CARTECOMODOTO2\" onerror=\"this.style.display='none'\"  \/>\n\t\t\t<a href=\"https:\/\/www.valpineta.eu\/fr\/el-comodoto-el-principe\/\" target=\"_blank\" role=\"button\" rel=\"noopener\">\n\t\t\t\t\t\t\tLe Comodoto, o\u00f9 commencent les r\u00eaves&#8230;\n\t\t\t\t\t<\/a>\n<h4>\n\t\tFotos julio 23\n\t<\/h4>\n\n","protected":false},"excerpt":{"rendered":"<p>Le Comodoto en solitaire Je ne veux voir personne ? Je pars au Comodoto en montant par \u00ab\u00a0Chemin de Kique\u00a0\u00bb et en descendant les \u00ab\u00a0leras\u00a0\u00bb (pierriers) (Barranco de la Ribareta, Lera Sacos). Je rencontrerai des marmottes, des vaches, des izards, des papillons et peu de montagnards. Circuit Comodoto, en descendant par les pierriers (1100m &#8211;&hellip;<\/p>\n","protected":false},"author":2,"featured_media":14462,"comment_status":"open","ping_status":"open","sticky":false,"template":"tpl-full-width.php","format":"standard","meta":{"footnotes":""},"categories":[1,36],"tags":[],"yoast_head":"<!-- This site is optimized with the Yoast SEO plugin v24.5 - https:\/\/yoast.com\/wordpress\/plugins\/seo\/ -->\n<title>Le Comodoto en solitario - Refugio Pineta (Valpineta)<\/title>\n<meta name=\"robots\" content=\"index, follow, max-snippet:-1, max-image-preview:large, max-video-preview:-1\" \/>\n<link rel=\"canonical\" href=\"https:\/\/www.valpineta.eu\/fr\/el-comodoto-en-solitario\/\" \/>\n<meta property=\"og:locale\" content=\"fr_FR\" \/>\n<meta property=\"og:type\" content=\"article\" \/>\n<meta property=\"og:title\" content=\"Le Comodoto en solitario - Refugio Pineta (Valpineta)\" \/>\n<meta property=\"og:description\" content=\"Le Comodoto en solitaire Je ne veux voir personne ? Je pars au Comodoto en montant par \u00ab\u00a0Chemin de Kique\u00a0\u00bb et en descendant les \u00ab\u00a0leras\u00a0\u00bb (pierriers) (Barranco de la Ribareta, Lera Sacos). Je rencontrerai des marmottes, des vaches, des izards, des papillons et peu de montagnards. Circuit Comodoto, en descendant par les pierriers (1100m &#8211;&hellip;\" \/>\n<meta property=\"og:url\" content=\"https:\/\/www.valpineta.eu\/fr\/el-comodoto-en-solitario\/\" \/>\n<meta property=\"og:site_name\" content=\"Refugio Pineta (Valpineta)\" \/>\n<meta property=\"article:publisher\" content=\"https:\/\/www.facebook.com\/Refugio-d-Pineta-1689373461292734\/\" \/>\n<meta property=\"article:published_time\" content=\"2023-07-30T17:55:18+00:00\" \/>\n<meta property=\"article:modified_time\" content=\"2023-08-01T20:24:41+00:00\" \/>\n<meta property=\"og:image\" content=\"https:\/\/www.valpineta.eu\/wp-content\/uploads\/2023\/07\/P1002522p-scaled.jpg\" \/>\n\t<meta property=\"og:image:width\" content=\"2560\" \/>\n\t<meta property=\"og:image:height\" content=\"1920\" \/>\n\t<meta property=\"og:image:type\" content=\"image\/jpeg\" \/>\n<meta name=\"author\" content=\"mariekique\" \/>\n<meta name=\"twitter:card\" content=\"summary_large_image\" \/>\n<meta name=\"twitter:label1\" content=\"\u00c9crit par\" \/>\n\t<meta name=\"twitter:data1\" content=\"mariekique\" \/>\n\t<meta name=\"twitter:label2\" content=\"Dur\u00e9e de lecture estim\u00e9e\" \/>\n\t<meta name=\"twitter:data2\" content=\"1 minute\" \/>\n<script type=\"application\/ld+json\" class=\"yoast-schema-graph\">{\"@context\":\"https:\/\/schema.org\",\"@graph\":[{\"@type\":\"Article\",\"@id\":\"https:\/\/www.valpineta.eu\/fr\/el-comodoto-en-solitario\/#article\",\"isPartOf\":{\"@id\":\"https:\/\/www.valpineta.eu\/fr\/el-comodoto-en-solitario\/\"},\"author\":{\"name\":\"mariekique\",\"@id\":\"https:\/\/www.valpineta.eu\/#\/schema\/person\/b17ad5391f410d1e0afce3171c59cd6f\"},\"headline\":\"Le Comodoto en solitario\",\"datePublished\":\"2023-07-30T17:55:18+00:00\",\"dateModified\":\"2023-08-01T20:24:41+00:00\",\"mainEntityOfPage\":{\"@id\":\"https:\/\/www.valpineta.eu\/fr\/el-comodoto-en-solitario\/\"},\"wordCount\":116,\"commentCount\":0,\"publisher\":{\"@id\":\"https:\/\/www.valpineta.eu\/#organization\"},\"image\":{\"@id\":\"https:\/\/www.valpineta.eu\/fr\/el-comodoto-en-solitario\/#primaryimage\"},\"thumbnailUrl\":\"https:\/\/www.valpineta.eu\/wp-content\/uploads\/2023\/07\/P1002522p-scaled.jpg\",\"articleSection\":[\"Non classifi\u00e9(e)\",\"Verano\"],\"inLanguage\":\"fr-FR\",\"potentialAction\":[{\"@type\":\"CommentAction\",\"name\":\"Comment\",\"target\":[\"https:\/\/www.valpineta.eu\/fr\/el-comodoto-en-solitario\/#respond\"]}]},{\"@type\":\"WebPage\",\"@id\":\"https:\/\/www.valpineta.eu\/fr\/el-comodoto-en-solitario\/\",\"url\":\"https:\/\/www.valpineta.eu\/fr\/el-comodoto-en-solitario\/\",\"name\":\"Le Comodoto en solitario - Refugio Pineta (Valpineta)\",\"isPartOf\":{\"@id\":\"https:\/\/www.valpineta.eu\/#website\"},\"primaryImageOfPage\":{\"@id\":\"https:\/\/www.valpineta.eu\/fr\/el-comodoto-en-solitario\/#primaryimage\"},\"image\":{\"@id\":\"https:\/\/www.valpineta.eu\/fr\/el-comodoto-en-solitario\/#primaryimage\"},\"thumbnailUrl\":\"https:\/\/www.valpineta.eu\/wp-content\/uploads\/2023\/07\/P1002522p-scaled.jpg\",\"datePublished\":\"2023-07-30T17:55:18+00:00\",\"dateModified\":\"2023-08-01T20:24:41+00:00\",\"breadcrumb\":{\"@id\":\"https:\/\/www.valpineta.eu\/fr\/el-comodoto-en-solitario\/#breadcrumb\"},\"inLanguage\":\"fr-FR\",\"potentialAction\":[{\"@type\":\"ReadAction\",\"target\":[\"https:\/\/www.valpineta.eu\/fr\/el-comodoto-en-solitario\/\"]}]},{\"@type\":\"ImageObject\",\"inLanguage\":\"fr-FR\",\"@id\":\"https:\/\/www.valpineta.eu\/fr\/el-comodoto-en-solitario\/#primaryimage\",\"url\":\"https:\/\/www.valpineta.eu\/wp-content\/uploads\/2023\/07\/P1002522p-scaled.jpg\",\"contentUrl\":\"https:\/\/www.valpineta.eu\/wp-content\/uploads\/2023\/07\/P1002522p-scaled.jpg\",\"width\":2560,\"height\":1920,\"caption\":\"Marmotas\"},{\"@type\":\"BreadcrumbList\",\"@id\":\"https:\/\/www.valpineta.eu\/fr\/el-comodoto-en-solitario\/#breadcrumb\",\"itemListElement\":[{\"@type\":\"ListItem\",\"position\":1,\"name\":\"Accueil\",\"item\":\"https:\/\/www.valpineta.eu\/fr\/\"},{\"@type\":\"ListItem\",\"position\":2,\"name\":\"Le Comodoto en solitario\"}]},{\"@type\":\"WebSite\",\"@id\":\"https:\/\/www.valpineta.eu\/#website\",\"url\":\"https:\/\/www.valpineta.eu\/\",\"name\":\"Refugio Pineta (Valpineta)\",\"description\":\"Refugio Pineta : La porte de tes r\u00eaves, oses la franchir, et tu te trouveras\",\"publisher\":{\"@id\":\"https:\/\/www.valpineta.eu\/#organization\"},\"potentialAction\":[{\"@type\":\"SearchAction\",\"target\":{\"@type\":\"EntryPoint\",\"urlTemplate\":\"https:\/\/www.valpineta.eu\/?s={search_term_string}\"},\"query-input\":{\"@type\":\"PropertyValueSpecification\",\"valueRequired\":true,\"valueName\":\"search_term_string\"}}],\"inLanguage\":\"fr-FR\"},{\"@type\":\"Organization\",\"@id\":\"https:\/\/www.valpineta.eu\/#organization\",\"name\":\"Refugio Pineta\",\"url\":\"https:\/\/www.valpineta.eu\/\",\"logo\":{\"@type\":\"ImageObject\",\"inLanguage\":\"fr-FR\",\"@id\":\"https:\/\/www.valpineta.eu\/#\/schema\/logo\/image\/\",\"url\":\"https:\/\/www.valpineta.eu\/wp-content\/uploads\/2019\/12\/LOGO-copie-vert.jpg\",\"contentUrl\":\"https:\/\/www.valpineta.eu\/wp-content\/uploads\/2019\/12\/LOGO-copie-vert.jpg\",\"width\":751,\"height\":216,\"caption\":\"Refugio Pineta\"},\"image\":{\"@id\":\"https:\/\/www.valpineta.eu\/#\/schema\/logo\/image\/\"},\"sameAs\":[\"https:\/\/www.facebook.com\/Refugio-d-Pineta-1689373461292734\/\"]},{\"@type\":\"Person\",\"@id\":\"https:\/\/www.valpineta.eu\/#\/schema\/person\/b17ad5391f410d1e0afce3171c59cd6f\",\"name\":\"mariekique\",\"image\":{\"@type\":\"ImageObject\",\"inLanguage\":\"fr-FR\",\"@id\":\"https:\/\/www.valpineta.eu\/#\/schema\/person\/image\/\",\"url\":\"https:\/\/secure.gravatar.com\/avatar\/3d0baa711b86900043699a8c52f9ece6?s=96&d=retro&r=g\",\"contentUrl\":\"https:\/\/secure.gravatar.com\/avatar\/3d0baa711b86900043699a8c52f9ece6?s=96&d=retro&r=g\",\"caption\":\"mariekique\"}}]}<\/script>\n<!-- \/ Yoast SEO plugin. -->","yoast_head_json":{"title":"Le Comodoto en solitario - Refugio Pineta (Valpineta)","robots":{"index":"index","follow":"follow","max-snippet":"max-snippet:-1","max-image-preview":"max-image-preview:large","max-video-preview":"max-video-preview:-1"},"canonical":"https:\/\/www.valpineta.eu\/fr\/el-comodoto-en-solitario\/","og_locale":"fr_FR","og_type":"article","og_title":"Le Comodoto en solitario - Refugio Pineta (Valpineta)","og_description":"Le Comodoto en solitaire Je ne veux voir personne ? Je pars au Comodoto en montant par \u00ab\u00a0Chemin de Kique\u00a0\u00bb et en descendant les \u00ab\u00a0leras\u00a0\u00bb (pierriers) (Barranco de la Ribareta, Lera Sacos). Je rencontrerai des marmottes, des vaches, des izards, des papillons et peu de montagnards. Circuit Comodoto, en descendant par les pierriers (1100m &#8211;&hellip;","og_url":"https:\/\/www.valpineta.eu\/fr\/el-comodoto-en-solitario\/","og_site_name":"Refugio Pineta (Valpineta)","article_publisher":"https:\/\/www.facebook.com\/Refugio-d-Pineta-1689373461292734\/","article_published_time":"2023-07-30T17:55:18+00:00","article_modified_time":"2023-08-01T20:24:41+00:00","og_image":[{"width":2560,"height":1920,"url":"https:\/\/www.valpineta.eu\/wp-content\/uploads\/2023\/07\/P1002522p-scaled.jpg","type":"image\/jpeg"}],"author":"mariekique","twitter_card":"summary_large_image","twitter_misc":{"\u00c9crit par":"mariekique","Dur\u00e9e de lecture estim\u00e9e":"1 minute"},"schema":{"@context":"https:\/\/schema.org","@graph":[{"@type":"Article","@id":"https:\/\/www.valpineta.eu\/fr\/el-comodoto-en-solitario\/#article","isPartOf":{"@id":"https:\/\/www.valpineta.eu\/fr\/el-comodoto-en-solitario\/"},"author":{"name":"mariekique","@id":"https:\/\/www.valpineta.eu\/#\/schema\/person\/b17ad5391f410d1e0afce3171c59cd6f"},"headline":"Le Comodoto en solitario","datePublished":"2023-07-30T17:55:18+00:00","dateModified":"2023-08-01T20:24:41+00:00","mainEntityOfPage":{"@id":"https:\/\/www.valpineta.eu\/fr\/el-comodoto-en-solitario\/"},"wordCount":116,"commentCount":0,"publisher":{"@id":"https:\/\/www.valpineta.eu\/#organization"},"image":{"@id":"https:\/\/www.valpineta.eu\/fr\/el-comodoto-en-solitario\/#primaryimage"},"thumbnailUrl":"https:\/\/www.valpineta.eu\/wp-content\/uploads\/2023\/07\/P1002522p-scaled.jpg","articleSection":["Non classifi\u00e9(e)","Verano"],"inLanguage":"fr-FR","potentialAction":[{"@type":"CommentAction","name":"Comment","target":["https:\/\/www.valpineta.eu\/fr\/el-comodoto-en-solitario\/#respond"]}]},{"@type":"WebPage","@id":"https:\/\/www.valpineta.eu\/fr\/el-comodoto-en-solitario\/","url":"https:\/\/www.valpineta.eu\/fr\/el-comodoto-en-solitario\/","name":"Le Comodoto en solitario - Refugio Pineta (Valpineta)","isPartOf":{"@id":"https:\/\/www.valpineta.eu\/#website"},"primaryImageOfPage":{"@id":"https:\/\/www.valpineta.eu\/fr\/el-comodoto-en-solitario\/#primaryimage"},"image":{"@id":"https:\/\/www.valpineta.eu\/fr\/el-comodoto-en-solitario\/#primaryimage"},"thumbnailUrl":"https:\/\/www.valpineta.eu\/wp-content\/uploads\/2023\/07\/P1002522p-scaled.jpg","datePublished":"2023-07-30T17:55:18+00:00","dateModified":"2023-08-01T20:24:41+00:00","breadcrumb":{"@id":"https:\/\/www.valpineta.eu\/fr\/el-comodoto-en-solitario\/#breadcrumb"},"inLanguage":"fr-FR","potentialAction":[{"@type":"ReadAction","target":["https:\/\/www.valpineta.eu\/fr\/el-comodoto-en-solitario\/"]}]},{"@type":"ImageObject","inLanguage":"fr-FR","@id":"https:\/\/www.valpineta.eu\/fr\/el-comodoto-en-solitario\/#primaryimage","url":"https:\/\/www.valpineta.eu\/wp-content\/uploads\/2023\/07\/P1002522p-scaled.jpg","contentUrl":"https:\/\/www.valpineta.eu\/wp-content\/uploads\/2023\/07\/P1002522p-scaled.jpg","width":2560,"height":1920,"caption":"Marmotas"},{"@type":"BreadcrumbList","@id":"https:\/\/www.valpineta.eu\/fr\/el-comodoto-en-solitario\/#breadcrumb","itemListElement":[{"@type":"ListItem","position":1,"name":"Accueil","item":"https:\/\/www.valpineta.eu\/fr\/"},{"@type":"ListItem","position":2,"name":"Le Comodoto en solitario"}]},{"@type":"WebSite","@id":"https:\/\/www.valpineta.eu\/#website","url":"https:\/\/www.valpineta.eu\/","name":"Refugio Pineta (Valpineta)","description":"Refugio Pineta : La porte de tes r\u00eaves, oses la franchir, et tu te trouveras","publisher":{"@id":"https:\/\/www.valpineta.eu\/#organization"},"potentialAction":[{"@type":"SearchAction","target":{"@type":"EntryPoint","urlTemplate":"https:\/\/www.valpineta.eu\/?s={search_term_string}"},"query-input":{"@type":"PropertyValueSpecification","valueRequired":true,"valueName":"search_term_string"}}],"inLanguage":"fr-FR"},{"@type":"Organization","@id":"https:\/\/www.valpineta.eu\/#organization","name":"Refugio Pineta","url":"https:\/\/www.valpineta.eu\/","logo":{"@type":"ImageObject","inLanguage":"fr-FR","@id":"https:\/\/www.valpineta.eu\/#\/schema\/logo\/image\/","url":"https:\/\/www.valpineta.eu\/wp-content\/uploads\/2019\/12\/LOGO-copie-vert.jpg","contentUrl":"https:\/\/www.valpineta.eu\/wp-content\/uploads\/2019\/12\/LOGO-copie-vert.jpg","width":751,"height":216,"caption":"Refugio Pineta"},"image":{"@id":"https:\/\/www.valpineta.eu\/#\/schema\/logo\/image\/"},"sameAs":["https:\/\/www.facebook.com\/Refugio-d-Pineta-1689373461292734\/"]},{"@type":"Person","@id":"https:\/\/www.valpineta.eu\/#\/schema\/person\/b17ad5391f410d1e0afce3171c59cd6f","name":"mariekique","image":{"@type":"ImageObject","inLanguage":"fr-FR","@id":"https:\/\/www.valpineta.eu\/#\/schema\/person\/image\/","url":"https:\/\/secure.gravatar.com\/avatar\/3d0baa711b86900043699a8c52f9ece6?s=96&d=retro&r=g","contentUrl":"https:\/\/secure.gravatar.com\/avatar\/3d0baa711b86900043699a8c52f9ece6?s=96&d=retro&r=g","caption":"mariekique"}}]}},"_links":{"self":[{"href":"https:\/\/www.valpineta.eu\/fr\/wp-json\/wp\/v2\/posts\/14497"}],"collection":[{"href":"https:\/\/www.valpineta.eu\/fr\/wp-json\/wp\/v2\/posts"}],"about":[{"href":"https:\/\/www.valpineta.eu\/fr\/wp-json\/wp\/v2\/types\/post"}],"author":[{"embeddable":true,"href":"https:\/\/www.valpineta.eu\/fr\/wp-json\/wp\/v2\/users\/2"}],"replies":[{"embeddable":true,"href":"https:\/\/www.valpineta.eu\/fr\/wp-json\/wp\/v2\/comments?post=14497"}],"version-history":[{"count":8,"href":"https:\/\/www.valpineta.eu\/fr\/wp-json\/wp\/v2\/posts\/14497\/revisions"}],"predecessor-version":[{"id":14522,"href":"https:\/\/www.valpineta.eu\/fr\/wp-json\/wp\/v2\/posts\/14497\/revisions\/14522"}],"wp:featuredmedia":[{"embeddable":true,"href":"https:\/\/www.valpineta.eu\/fr\/wp-json\/wp\/v2\/media\/14462"}],"wp:attachment":[{"href":"https:\/\/www.valpineta.eu\/fr\/wp-json\/wp\/v2\/media?parent=14497"}],"wp:term":[{"taxonomy":"category","embeddable":true,"href":"https:\/\/www.valpineta.eu\/fr\/wp-json\/wp\/v2\/categories?post=14497"},{"taxonomy":"post_tag","embeddable":true,"href":"https:\/\/www.valpineta.eu\/fr\/wp-json\/wp\/v2\/tags?post=14497"}],"curies":[{"name":"wp","href":"https:\/\/api.w.org\/{rel}","templated":true}]}}