{"id":13794,"date":"2023-05-07T23:33:39","date_gmt":"2023-05-07T21:33:39","guid":{"rendered":"https:\/\/www.valpineta.eu\/lluvia\/"},"modified":"2023-05-09T21:58:40","modified_gmt":"2023-05-09T19:58:40","slug":"lluvia","status":"publish","type":"post","link":"https:\/\/www.valpineta.eu\/fr\/lluvia\/","title":{"rendered":"Il pleut enfin, allons \u00e0 Montinier!"},"content":{"rendered":"\n<h2>\n\t\tIl pleut enfin, allons \u00e0 Montinier!\n\t<\/h2>\n\tReconnaissants&#8230;<br \/>\nReconnaissants les pins dess\u00e9ch\u00e9s, certains ont repris vie.<br \/>\nEt les fleurs, les arbres, les jeunes feuilles phosphorescentes.<br \/>\nEt la rivi\u00e8re, qui est descendue avec un peu plus de force.\n<p>Les montagnards aussi sont reconnaissants pour cette journ\u00e9e dans les nuages, avec un peu de gr\u00eale et le tonnerre, juste assez loin.<\/p>\n<p>Au sommet de la Pala Montinier, nous ne pouvions pas profiter de la vue spectaculaire, mais nous avons appr\u00e9ci\u00e9 l&rsquo;ambiance.<\/p>\n<p>Et avec une joie particuli\u00e8re. Il a enfin plu.<\/p>\n\t\t\t<a href=\"https:\/\/www.valpineta.eu\/excursion\/pala-montinier\/\" target=\"_self\" role=\"button\" rel=\"noopener\">\n\t\t\t\t\t\t\tPala de Montinier o Pe\u00f1a Porta\u00f1\u00fas\n\t\t\t\t\t<\/a>\n<h4>\n\t\tPhotos excursion Pala de Montinier &#8211; 07\/05\n\t<\/h4>\n\n","protected":false},"excerpt":{"rendered":"<p>Il pleut enfin, allons \u00e0 Montinier! Reconnaissants&#8230; Reconnaissants les pins dess\u00e9ch\u00e9s, certains ont repris vie. Et les fleurs, les arbres, les jeunes feuilles phosphorescentes. Et la rivi\u00e8re, qui est descendue avec un peu plus de force. Les montagnards aussi sont reconnaissants pour cette journ\u00e9e dans les nuages, avec un peu de gr\u00eale et le tonnerre,&hellip;<\/p>\n","protected":false},"author":2,"featured_media":13742,"comment_status":"open","ping_status":"open","sticky":false,"template":"tpl-full-width.php","format":"standard","meta":{"footnotes":""},"categories":[1,36],"tags":[],"yoast_head":"<!-- This site is optimized with the Yoast SEO plugin v24.5 - https:\/\/yoast.com\/wordpress\/plugins\/seo\/ -->\n<title>Il pleut enfin, allons \u00e0 Montinier! - Refugio Pineta (Valpineta)<\/title>\n<meta name=\"robots\" content=\"index, follow, max-snippet:-1, max-image-preview:large, max-video-preview:-1\" \/>\n<link rel=\"canonical\" href=\"https:\/\/www.valpineta.eu\/fr\/lluvia\/\" \/>\n<meta property=\"og:locale\" content=\"fr_FR\" \/>\n<meta property=\"og:type\" content=\"article\" \/>\n<meta property=\"og:title\" content=\"Il pleut enfin, allons \u00e0 Montinier! - Refugio Pineta (Valpineta)\" \/>\n<meta property=\"og:description\" content=\"Il pleut enfin, allons \u00e0 Montinier! Reconnaissants&#8230; Reconnaissants les pins dess\u00e9ch\u00e9s, certains ont repris vie. Et les fleurs, les arbres, les jeunes feuilles phosphorescentes. Et la rivi\u00e8re, qui est descendue avec un peu plus de force. Les montagnards aussi sont reconnaissants pour cette journ\u00e9e dans les nuages, avec un peu de gr\u00eale et le tonnerre,&hellip;\" \/>\n<meta property=\"og:url\" content=\"https:\/\/www.valpineta.eu\/fr\/lluvia\/\" \/>\n<meta property=\"og:site_name\" content=\"Refugio Pineta (Valpineta)\" \/>\n<meta property=\"article:publisher\" content=\"https:\/\/www.facebook.com\/Refugio-d-Pineta-1689373461292734\/\" \/>\n<meta property=\"article:published_time\" content=\"2023-05-07T21:33:39+00:00\" \/>\n<meta property=\"article:modified_time\" content=\"2023-05-09T19:58:40+00:00\" \/>\n<meta property=\"og:image\" content=\"https:\/\/www.valpineta.eu\/wp-content\/uploads\/2023\/05\/P1002070P-scaled.jpg\" \/>\n\t<meta property=\"og:image:width\" content=\"2560\" \/>\n\t<meta property=\"og:image:height\" content=\"1511\" \/>\n\t<meta property=\"og:image:type\" content=\"image\/jpeg\" \/>\n<meta name=\"author\" content=\"mariekique\" \/>\n<meta name=\"twitter:card\" content=\"summary_large_image\" \/>\n<meta name=\"twitter:label1\" content=\"\u00c9crit par\" \/>\n\t<meta name=\"twitter:data1\" content=\"mariekique\" \/>\n\t<meta name=\"twitter:label2\" content=\"Dur\u00e9e de lecture estim\u00e9e\" \/>\n\t<meta name=\"twitter:data2\" content=\"1 minute\" \/>\n<script type=\"application\/ld+json\" class=\"yoast-schema-graph\">{\"@context\":\"https:\/\/schema.org\",\"@graph\":[{\"@type\":\"Article\",\"@id\":\"https:\/\/www.valpineta.eu\/fr\/lluvia\/#article\",\"isPartOf\":{\"@id\":\"https:\/\/www.valpineta.eu\/fr\/lluvia\/\"},\"author\":{\"name\":\"mariekique\",\"@id\":\"https:\/\/www.valpineta.eu\/#\/schema\/person\/b17ad5391f410d1e0afce3171c59cd6f\"},\"headline\":\"Il pleut enfin, allons \u00e0 Montinier!\",\"datePublished\":\"2023-05-07T21:33:39+00:00\",\"dateModified\":\"2023-05-09T19:58:40+00:00\",\"mainEntityOfPage\":{\"@id\":\"https:\/\/www.valpineta.eu\/fr\/lluvia\/\"},\"wordCount\":112,\"commentCount\":0,\"publisher\":{\"@id\":\"https:\/\/www.valpineta.eu\/#organization\"},\"image\":{\"@id\":\"https:\/\/www.valpineta.eu\/fr\/lluvia\/#primaryimage\"},\"thumbnailUrl\":\"https:\/\/www.valpineta.eu\/wp-content\/uploads\/2023\/05\/P1002070P-scaled.jpg\",\"articleSection\":[\"Non classifi\u00e9(e)\",\"Verano\"],\"inLanguage\":\"fr-FR\",\"potentialAction\":[{\"@type\":\"CommentAction\",\"name\":\"Comment\",\"target\":[\"https:\/\/www.valpineta.eu\/fr\/lluvia\/#respond\"]}]},{\"@type\":\"WebPage\",\"@id\":\"https:\/\/www.valpineta.eu\/fr\/lluvia\/\",\"url\":\"https:\/\/www.valpineta.eu\/fr\/lluvia\/\",\"name\":\"Il pleut enfin, allons \u00e0 Montinier! - Refugio Pineta (Valpineta)\",\"isPartOf\":{\"@id\":\"https:\/\/www.valpineta.eu\/#website\"},\"primaryImageOfPage\":{\"@id\":\"https:\/\/www.valpineta.eu\/fr\/lluvia\/#primaryimage\"},\"image\":{\"@id\":\"https:\/\/www.valpineta.eu\/fr\/lluvia\/#primaryimage\"},\"thumbnailUrl\":\"https:\/\/www.valpineta.eu\/wp-content\/uploads\/2023\/05\/P1002070P-scaled.jpg\",\"datePublished\":\"2023-05-07T21:33:39+00:00\",\"dateModified\":\"2023-05-09T19:58:40+00:00\",\"breadcrumb\":{\"@id\":\"https:\/\/www.valpineta.eu\/fr\/lluvia\/#breadcrumb\"},\"inLanguage\":\"fr-FR\",\"potentialAction\":[{\"@type\":\"ReadAction\",\"target\":[\"https:\/\/www.valpineta.eu\/fr\/lluvia\/\"]}]},{\"@type\":\"ImageObject\",\"inLanguage\":\"fr-FR\",\"@id\":\"https:\/\/www.valpineta.eu\/fr\/lluvia\/#primaryimage\",\"url\":\"https:\/\/www.valpineta.eu\/wp-content\/uploads\/2023\/05\/P1002070P-scaled.jpg\",\"contentUrl\":\"https:\/\/www.valpineta.eu\/wp-content\/uploads\/2023\/05\/P1002070P-scaled.jpg\",\"width\":2560,\"height\":1511},{\"@type\":\"BreadcrumbList\",\"@id\":\"https:\/\/www.valpineta.eu\/fr\/lluvia\/#breadcrumb\",\"itemListElement\":[{\"@type\":\"ListItem\",\"position\":1,\"name\":\"Accueil\",\"item\":\"https:\/\/www.valpineta.eu\/fr\/\"},{\"@type\":\"ListItem\",\"position\":2,\"name\":\"Il pleut enfin, allons \u00e0 Montinier!\"}]},{\"@type\":\"WebSite\",\"@id\":\"https:\/\/www.valpineta.eu\/#website\",\"url\":\"https:\/\/www.valpineta.eu\/\",\"name\":\"Refugio Pineta (Valpineta)\",\"description\":\"Refugio Pineta : La porte de tes r\u00eaves, oses la franchir, et tu te trouveras\",\"publisher\":{\"@id\":\"https:\/\/www.valpineta.eu\/#organization\"},\"potentialAction\":[{\"@type\":\"SearchAction\",\"target\":{\"@type\":\"EntryPoint\",\"urlTemplate\":\"https:\/\/www.valpineta.eu\/?s={search_term_string}\"},\"query-input\":{\"@type\":\"PropertyValueSpecification\",\"valueRequired\":true,\"valueName\":\"search_term_string\"}}],\"inLanguage\":\"fr-FR\"},{\"@type\":\"Organization\",\"@id\":\"https:\/\/www.valpineta.eu\/#organization\",\"name\":\"Refugio Pineta\",\"url\":\"https:\/\/www.valpineta.eu\/\",\"logo\":{\"@type\":\"ImageObject\",\"inLanguage\":\"fr-FR\",\"@id\":\"https:\/\/www.valpineta.eu\/#\/schema\/logo\/image\/\",\"url\":\"https:\/\/www.valpineta.eu\/wp-content\/uploads\/2019\/12\/LOGO-copie-vert.jpg\",\"contentUrl\":\"https:\/\/www.valpineta.eu\/wp-content\/uploads\/2019\/12\/LOGO-copie-vert.jpg\",\"width\":751,\"height\":216,\"caption\":\"Refugio Pineta\"},\"image\":{\"@id\":\"https:\/\/www.valpineta.eu\/#\/schema\/logo\/image\/\"},\"sameAs\":[\"https:\/\/www.facebook.com\/Refugio-d-Pineta-1689373461292734\/\"]},{\"@type\":\"Person\",\"@id\":\"https:\/\/www.valpineta.eu\/#\/schema\/person\/b17ad5391f410d1e0afce3171c59cd6f\",\"name\":\"mariekique\",\"image\":{\"@type\":\"ImageObject\",\"inLanguage\":\"fr-FR\",\"@id\":\"https:\/\/www.valpineta.eu\/#\/schema\/person\/image\/\",\"url\":\"https:\/\/secure.gravatar.com\/avatar\/3d0baa711b86900043699a8c52f9ece6?s=96&d=retro&r=g\",\"contentUrl\":\"https:\/\/secure.gravatar.com\/avatar\/3d0baa711b86900043699a8c52f9ece6?s=96&d=retro&r=g\",\"caption\":\"mariekique\"}}]}<\/script>\n<!-- \/ Yoast SEO plugin. -->","yoast_head_json":{"title":"Il pleut enfin, allons \u00e0 Montinier! - Refugio Pineta (Valpineta)","robots":{"index":"index","follow":"follow","max-snippet":"max-snippet:-1","max-image-preview":"max-image-preview:large","max-video-preview":"max-video-preview:-1"},"canonical":"https:\/\/www.valpineta.eu\/fr\/lluvia\/","og_locale":"fr_FR","og_type":"article","og_title":"Il pleut enfin, allons \u00e0 Montinier! - Refugio Pineta (Valpineta)","og_description":"Il pleut enfin, allons \u00e0 Montinier! Reconnaissants&#8230; Reconnaissants les pins dess\u00e9ch\u00e9s, certains ont repris vie. Et les fleurs, les arbres, les jeunes feuilles phosphorescentes. Et la rivi\u00e8re, qui est descendue avec un peu plus de force. Les montagnards aussi sont reconnaissants pour cette journ\u00e9e dans les nuages, avec un peu de gr\u00eale et le tonnerre,&hellip;","og_url":"https:\/\/www.valpineta.eu\/fr\/lluvia\/","og_site_name":"Refugio Pineta (Valpineta)","article_publisher":"https:\/\/www.facebook.com\/Refugio-d-Pineta-1689373461292734\/","article_published_time":"2023-05-07T21:33:39+00:00","article_modified_time":"2023-05-09T19:58:40+00:00","og_image":[{"width":2560,"height":1511,"url":"https:\/\/www.valpineta.eu\/wp-content\/uploads\/2023\/05\/P1002070P-scaled.jpg","type":"image\/jpeg"}],"author":"mariekique","twitter_card":"summary_large_image","twitter_misc":{"\u00c9crit par":"mariekique","Dur\u00e9e de lecture estim\u00e9e":"1 minute"},"schema":{"@context":"https:\/\/schema.org","@graph":[{"@type":"Article","@id":"https:\/\/www.valpineta.eu\/fr\/lluvia\/#article","isPartOf":{"@id":"https:\/\/www.valpineta.eu\/fr\/lluvia\/"},"author":{"name":"mariekique","@id":"https:\/\/www.valpineta.eu\/#\/schema\/person\/b17ad5391f410d1e0afce3171c59cd6f"},"headline":"Il pleut enfin, allons \u00e0 Montinier!","datePublished":"2023-05-07T21:33:39+00:00","dateModified":"2023-05-09T19:58:40+00:00","mainEntityOfPage":{"@id":"https:\/\/www.valpineta.eu\/fr\/lluvia\/"},"wordCount":112,"commentCount":0,"publisher":{"@id":"https:\/\/www.valpineta.eu\/#organization"},"image":{"@id":"https:\/\/www.valpineta.eu\/fr\/lluvia\/#primaryimage"},"thumbnailUrl":"https:\/\/www.valpineta.eu\/wp-content\/uploads\/2023\/05\/P1002070P-scaled.jpg","articleSection":["Non classifi\u00e9(e)","Verano"],"inLanguage":"fr-FR","potentialAction":[{"@type":"CommentAction","name":"Comment","target":["https:\/\/www.valpineta.eu\/fr\/lluvia\/#respond"]}]},{"@type":"WebPage","@id":"https:\/\/www.valpineta.eu\/fr\/lluvia\/","url":"https:\/\/www.valpineta.eu\/fr\/lluvia\/","name":"Il pleut enfin, allons \u00e0 Montinier! - Refugio Pineta (Valpineta)","isPartOf":{"@id":"https:\/\/www.valpineta.eu\/#website"},"primaryImageOfPage":{"@id":"https:\/\/www.valpineta.eu\/fr\/lluvia\/#primaryimage"},"image":{"@id":"https:\/\/www.valpineta.eu\/fr\/lluvia\/#primaryimage"},"thumbnailUrl":"https:\/\/www.valpineta.eu\/wp-content\/uploads\/2023\/05\/P1002070P-scaled.jpg","datePublished":"2023-05-07T21:33:39+00:00","dateModified":"2023-05-09T19:58:40+00:00","breadcrumb":{"@id":"https:\/\/www.valpineta.eu\/fr\/lluvia\/#breadcrumb"},"inLanguage":"fr-FR","potentialAction":[{"@type":"ReadAction","target":["https:\/\/www.valpineta.eu\/fr\/lluvia\/"]}]},{"@type":"ImageObject","inLanguage":"fr-FR","@id":"https:\/\/www.valpineta.eu\/fr\/lluvia\/#primaryimage","url":"https:\/\/www.valpineta.eu\/wp-content\/uploads\/2023\/05\/P1002070P-scaled.jpg","contentUrl":"https:\/\/www.valpineta.eu\/wp-content\/uploads\/2023\/05\/P1002070P-scaled.jpg","width":2560,"height":1511},{"@type":"BreadcrumbList","@id":"https:\/\/www.valpineta.eu\/fr\/lluvia\/#breadcrumb","itemListElement":[{"@type":"ListItem","position":1,"name":"Accueil","item":"https:\/\/www.valpineta.eu\/fr\/"},{"@type":"ListItem","position":2,"name":"Il pleut enfin, allons \u00e0 Montinier!"}]},{"@type":"WebSite","@id":"https:\/\/www.valpineta.eu\/#website","url":"https:\/\/www.valpineta.eu\/","name":"Refugio Pineta (Valpineta)","description":"Refugio Pineta : La porte de tes r\u00eaves, oses la franchir, et tu te trouveras","publisher":{"@id":"https:\/\/www.valpineta.eu\/#organization"},"potentialAction":[{"@type":"SearchAction","target":{"@type":"EntryPoint","urlTemplate":"https:\/\/www.valpineta.eu\/?s={search_term_string}"},"query-input":{"@type":"PropertyValueSpecification","valueRequired":true,"valueName":"search_term_string"}}],"inLanguage":"fr-FR"},{"@type":"Organization","@id":"https:\/\/www.valpineta.eu\/#organization","name":"Refugio Pineta","url":"https:\/\/www.valpineta.eu\/","logo":{"@type":"ImageObject","inLanguage":"fr-FR","@id":"https:\/\/www.valpineta.eu\/#\/schema\/logo\/image\/","url":"https:\/\/www.valpineta.eu\/wp-content\/uploads\/2019\/12\/LOGO-copie-vert.jpg","contentUrl":"https:\/\/www.valpineta.eu\/wp-content\/uploads\/2019\/12\/LOGO-copie-vert.jpg","width":751,"height":216,"caption":"Refugio Pineta"},"image":{"@id":"https:\/\/www.valpineta.eu\/#\/schema\/logo\/image\/"},"sameAs":["https:\/\/www.facebook.com\/Refugio-d-Pineta-1689373461292734\/"]},{"@type":"Person","@id":"https:\/\/www.valpineta.eu\/#\/schema\/person\/b17ad5391f410d1e0afce3171c59cd6f","name":"mariekique","image":{"@type":"ImageObject","inLanguage":"fr-FR","@id":"https:\/\/www.valpineta.eu\/#\/schema\/person\/image\/","url":"https:\/\/secure.gravatar.com\/avatar\/3d0baa711b86900043699a8c52f9ece6?s=96&d=retro&r=g","contentUrl":"https:\/\/secure.gravatar.com\/avatar\/3d0baa711b86900043699a8c52f9ece6?s=96&d=retro&r=g","caption":"mariekique"}}]}},"_links":{"self":[{"href":"https:\/\/www.valpineta.eu\/fr\/wp-json\/wp\/v2\/posts\/13794"}],"collection":[{"href":"https:\/\/www.valpineta.eu\/fr\/wp-json\/wp\/v2\/posts"}],"about":[{"href":"https:\/\/www.valpineta.eu\/fr\/wp-json\/wp\/v2\/types\/post"}],"author":[{"embeddable":true,"href":"https:\/\/www.valpineta.eu\/fr\/wp-json\/wp\/v2\/users\/2"}],"replies":[{"embeddable":true,"href":"https:\/\/www.valpineta.eu\/fr\/wp-json\/wp\/v2\/comments?post=13794"}],"version-history":[{"count":3,"href":"https:\/\/www.valpineta.eu\/fr\/wp-json\/wp\/v2\/posts\/13794\/revisions"}],"predecessor-version":[{"id":13797,"href":"https:\/\/www.valpineta.eu\/fr\/wp-json\/wp\/v2\/posts\/13794\/revisions\/13797"}],"wp:featuredmedia":[{"embeddable":true,"href":"https:\/\/www.valpineta.eu\/fr\/wp-json\/wp\/v2\/media\/13742"}],"wp:attachment":[{"href":"https:\/\/www.valpineta.eu\/fr\/wp-json\/wp\/v2\/media?parent=13794"}],"wp:term":[{"taxonomy":"category","embeddable":true,"href":"https:\/\/www.valpineta.eu\/fr\/wp-json\/wp\/v2\/categories?post=13794"},{"taxonomy":"post_tag","embeddable":true,"href":"https:\/\/www.valpineta.eu\/fr\/wp-json\/wp\/v2\/tags?post=13794"}],"curies":[{"name":"wp","href":"https:\/\/api.w.org\/{rel}","templated":true}]}}