{"id":12861,"date":"2022-09-28T22:54:52","date_gmt":"2022-09-28T20:54:52","guid":{"rendered":"https:\/\/www.valpineta.eu\/enclusa\/"},"modified":"2022-10-10T19:12:03","modified_gmt":"2022-10-10T17:12:03","slug":"enclusa","status":"publish","type":"post","link":"https:\/\/www.valpineta.eu\/fr\/enclusa\/","title":{"rendered":"La Enclusa, maintenant \u00ab\u00a0Te toca\u00a0\u00bb"},"content":{"rendered":"\n<h2>\n\t\tLa Enclusa, maintenant \u00ab\u00a0Te toca\u00a0\u00bb\n\t<\/h2>\n\tUne petite falaise, \u00e0 quelques m\u00e8tres (kms) de l&rsquo;entr\u00e9e de la vall\u00e9e de Pineta.<br \/>\nOrient\u00e9s sud, avec une douzaine de voies et des difficult\u00e9s qui, contrairement aux tendances les plus exigeantes, ne d\u00e9passent pas 6c.<br \/>\nCe qui en fait un endroit magnifique pour grimper toute l&rsquo;ann\u00e9e et de s&rsquo;initier \u00e0 ce sport sans avoir \u00e0 se confronter directement \u00e0 un 7a.<br \/>\nEt depuis cet \u00e9t\u00e9, une nouvelle voie, \u00ab\u00a0Te toca\u00a0\u00bb 6b-6c.\n\t\t\t\t<a href=\"https:\/\/www.valpineta.eu\/escalade\/la-enclusa\/\" target=\"_blank\" rel=\"noopener\" itemprop=\"url\">\n\t\t\t\t<img loading=\"lazy\" decoding=\"async\" src=\"https:\/\/www.valpineta.eu\/wp-content\/uploads\/2022\/09\/01025284.png\" alt=\"01025284\" itemprop=\"image\" height=\"3756\" width=\"5004\" title=\"01025284\" onerror=\"this.style.display='none'\"  \/>\n\t\t\t\t<\/a>\n\n","protected":false},"excerpt":{"rendered":"<p>La Enclusa, maintenant \u00ab\u00a0Te toca\u00a0\u00bb Une petite falaise, \u00e0 quelques m\u00e8tres (kms) de l&rsquo;entr\u00e9e de la vall\u00e9e de Pineta. Orient\u00e9s sud, avec une douzaine de voies et des difficult\u00e9s qui, contrairement aux tendances les plus exigeantes, ne d\u00e9passent pas 6c. Ce qui en fait un endroit magnifique pour grimper toute l&rsquo;ann\u00e9e et de s&rsquo;initier \u00e0&hellip;<\/p>\n","protected":false},"author":2,"featured_media":0,"comment_status":"open","ping_status":"open","sticky":false,"template":"tpl-full-width.php","format":"standard","meta":{"footnotes":""},"categories":[1,36],"tags":[],"yoast_head":"<!-- This site is optimized with the Yoast SEO plugin v24.5 - https:\/\/yoast.com\/wordpress\/plugins\/seo\/ -->\n<title>La Enclusa, maintenant &quot;Te toca&quot; - Refugio Pineta (Valpineta)<\/title>\n<meta name=\"robots\" content=\"index, follow, max-snippet:-1, max-image-preview:large, max-video-preview:-1\" \/>\n<link rel=\"canonical\" href=\"https:\/\/www.valpineta.eu\/fr\/enclusa\/\" \/>\n<meta property=\"og:locale\" content=\"fr_FR\" \/>\n<meta property=\"og:type\" content=\"article\" \/>\n<meta property=\"og:title\" content=\"La Enclusa, maintenant &quot;Te toca&quot; - Refugio Pineta (Valpineta)\" \/>\n<meta property=\"og:description\" content=\"La Enclusa, maintenant \u00ab\u00a0Te toca\u00a0\u00bb Une petite falaise, \u00e0 quelques m\u00e8tres (kms) de l&rsquo;entr\u00e9e de la vall\u00e9e de Pineta. Orient\u00e9s sud, avec une douzaine de voies et des difficult\u00e9s qui, contrairement aux tendances les plus exigeantes, ne d\u00e9passent pas 6c. Ce qui en fait un endroit magnifique pour grimper toute l&rsquo;ann\u00e9e et de s&rsquo;initier \u00e0&hellip;\" \/>\n<meta property=\"og:url\" content=\"https:\/\/www.valpineta.eu\/fr\/enclusa\/\" \/>\n<meta property=\"og:site_name\" content=\"Refugio Pineta (Valpineta)\" \/>\n<meta property=\"article:publisher\" content=\"https:\/\/www.facebook.com\/Refugio-d-Pineta-1689373461292734\/\" \/>\n<meta property=\"article:published_time\" content=\"2022-09-28T20:54:52+00:00\" \/>\n<meta property=\"article:modified_time\" content=\"2022-10-10T17:12:03+00:00\" \/>\n<meta property=\"og:image\" content=\"https:\/\/www.valpineta.eu\/wp-content\/uploads\/2022\/09\/P1140337p-scaled.jpg\" \/>\n\t<meta property=\"og:image:width\" content=\"2560\" \/>\n\t<meta property=\"og:image:height\" content=\"1679\" \/>\n\t<meta property=\"og:image:type\" content=\"image\/jpeg\" \/>\n<meta name=\"author\" content=\"mariekique\" \/>\n<meta name=\"twitter:card\" content=\"summary_large_image\" \/>\n<meta name=\"twitter:label1\" content=\"\u00c9crit par\" \/>\n\t<meta name=\"twitter:data1\" content=\"mariekique\" \/>\n\t<meta name=\"twitter:label2\" content=\"Dur\u00e9e de lecture estim\u00e9e\" \/>\n\t<meta name=\"twitter:data2\" content=\"1 minute\" \/>\n<script type=\"application\/ld+json\" class=\"yoast-schema-graph\">{\"@context\":\"https:\/\/schema.org\",\"@graph\":[{\"@type\":\"Article\",\"@id\":\"https:\/\/www.valpineta.eu\/fr\/enclusa\/#article\",\"isPartOf\":{\"@id\":\"https:\/\/www.valpineta.eu\/fr\/enclusa\/\"},\"author\":{\"name\":\"mariekique\",\"@id\":\"https:\/\/www.valpineta.eu\/#\/schema\/person\/b17ad5391f410d1e0afce3171c59cd6f\"},\"headline\":\"La Enclusa, maintenant \u00ab\u00a0Te toca\u00a0\u00bb\",\"datePublished\":\"2022-09-28T20:54:52+00:00\",\"dateModified\":\"2022-10-10T17:12:03+00:00\",\"mainEntityOfPage\":{\"@id\":\"https:\/\/www.valpineta.eu\/fr\/enclusa\/\"},\"wordCount\":85,\"commentCount\":0,\"publisher\":{\"@id\":\"https:\/\/www.valpineta.eu\/#organization\"},\"image\":{\"@id\":\"https:\/\/www.valpineta.eu\/fr\/enclusa\/#primaryimage\"},\"thumbnailUrl\":\"https:\/\/www.valpineta.eu\/wp-content\/uploads\/2022\/09\/01025284.png\",\"articleSection\":[\"Non classifi\u00e9(e)\",\"Verano\"],\"inLanguage\":\"fr-FR\",\"potentialAction\":[{\"@type\":\"CommentAction\",\"name\":\"Comment\",\"target\":[\"https:\/\/www.valpineta.eu\/fr\/enclusa\/#respond\"]}]},{\"@type\":\"WebPage\",\"@id\":\"https:\/\/www.valpineta.eu\/fr\/enclusa\/\",\"url\":\"https:\/\/www.valpineta.eu\/fr\/enclusa\/\",\"name\":\"La Enclusa, maintenant \\\"Te toca\\\" - Refugio Pineta (Valpineta)\",\"isPartOf\":{\"@id\":\"https:\/\/www.valpineta.eu\/#website\"},\"primaryImageOfPage\":{\"@id\":\"https:\/\/www.valpineta.eu\/fr\/enclusa\/#primaryimage\"},\"image\":{\"@id\":\"https:\/\/www.valpineta.eu\/fr\/enclusa\/#primaryimage\"},\"thumbnailUrl\":\"https:\/\/www.valpineta.eu\/wp-content\/uploads\/2022\/09\/01025284.png\",\"datePublished\":\"2022-09-28T20:54:52+00:00\",\"dateModified\":\"2022-10-10T17:12:03+00:00\",\"breadcrumb\":{\"@id\":\"https:\/\/www.valpineta.eu\/fr\/enclusa\/#breadcrumb\"},\"inLanguage\":\"fr-FR\",\"potentialAction\":[{\"@type\":\"ReadAction\",\"target\":[\"https:\/\/www.valpineta.eu\/fr\/enclusa\/\"]}]},{\"@type\":\"ImageObject\",\"inLanguage\":\"fr-FR\",\"@id\":\"https:\/\/www.valpineta.eu\/fr\/enclusa\/#primaryimage\",\"url\":\"https:\/\/www.valpineta.eu\/wp-content\/uploads\/2022\/09\/01025284.png\",\"contentUrl\":\"https:\/\/www.valpineta.eu\/wp-content\/uploads\/2022\/09\/01025284.png\"},{\"@type\":\"BreadcrumbList\",\"@id\":\"https:\/\/www.valpineta.eu\/fr\/enclusa\/#breadcrumb\",\"itemListElement\":[{\"@type\":\"ListItem\",\"position\":1,\"name\":\"Accueil\",\"item\":\"https:\/\/www.valpineta.eu\/fr\/\"},{\"@type\":\"ListItem\",\"position\":2,\"name\":\"La Enclusa, maintenant \u00ab\u00a0Te toca\u00a0\u00bb\"}]},{\"@type\":\"WebSite\",\"@id\":\"https:\/\/www.valpineta.eu\/#website\",\"url\":\"https:\/\/www.valpineta.eu\/\",\"name\":\"Refugio Pineta (Valpineta)\",\"description\":\"Refugio Pineta : La porte de tes r\u00eaves, oses la franchir, et tu te trouveras\",\"publisher\":{\"@id\":\"https:\/\/www.valpineta.eu\/#organization\"},\"potentialAction\":[{\"@type\":\"SearchAction\",\"target\":{\"@type\":\"EntryPoint\",\"urlTemplate\":\"https:\/\/www.valpineta.eu\/?s={search_term_string}\"},\"query-input\":{\"@type\":\"PropertyValueSpecification\",\"valueRequired\":true,\"valueName\":\"search_term_string\"}}],\"inLanguage\":\"fr-FR\"},{\"@type\":\"Organization\",\"@id\":\"https:\/\/www.valpineta.eu\/#organization\",\"name\":\"Refugio Pineta\",\"url\":\"https:\/\/www.valpineta.eu\/\",\"logo\":{\"@type\":\"ImageObject\",\"inLanguage\":\"fr-FR\",\"@id\":\"https:\/\/www.valpineta.eu\/#\/schema\/logo\/image\/\",\"url\":\"https:\/\/www.valpineta.eu\/wp-content\/uploads\/2019\/12\/LOGO-copie-vert.jpg\",\"contentUrl\":\"https:\/\/www.valpineta.eu\/wp-content\/uploads\/2019\/12\/LOGO-copie-vert.jpg\",\"width\":751,\"height\":216,\"caption\":\"Refugio Pineta\"},\"image\":{\"@id\":\"https:\/\/www.valpineta.eu\/#\/schema\/logo\/image\/\"},\"sameAs\":[\"https:\/\/www.facebook.com\/Refugio-d-Pineta-1689373461292734\/\"]},{\"@type\":\"Person\",\"@id\":\"https:\/\/www.valpineta.eu\/#\/schema\/person\/b17ad5391f410d1e0afce3171c59cd6f\",\"name\":\"mariekique\",\"image\":{\"@type\":\"ImageObject\",\"inLanguage\":\"fr-FR\",\"@id\":\"https:\/\/www.valpineta.eu\/#\/schema\/person\/image\/\",\"url\":\"https:\/\/secure.gravatar.com\/avatar\/3d0baa711b86900043699a8c52f9ece6?s=96&d=retro&r=g\",\"contentUrl\":\"https:\/\/secure.gravatar.com\/avatar\/3d0baa711b86900043699a8c52f9ece6?s=96&d=retro&r=g\",\"caption\":\"mariekique\"}}]}<\/script>\n<!-- \/ Yoast SEO plugin. -->","yoast_head_json":{"title":"La Enclusa, maintenant \"Te toca\" - Refugio Pineta (Valpineta)","robots":{"index":"index","follow":"follow","max-snippet":"max-snippet:-1","max-image-preview":"max-image-preview:large","max-video-preview":"max-video-preview:-1"},"canonical":"https:\/\/www.valpineta.eu\/fr\/enclusa\/","og_locale":"fr_FR","og_type":"article","og_title":"La Enclusa, maintenant \"Te toca\" - Refugio Pineta (Valpineta)","og_description":"La Enclusa, maintenant \u00ab\u00a0Te toca\u00a0\u00bb Une petite falaise, \u00e0 quelques m\u00e8tres (kms) de l&rsquo;entr\u00e9e de la vall\u00e9e de Pineta. Orient\u00e9s sud, avec une douzaine de voies et des difficult\u00e9s qui, contrairement aux tendances les plus exigeantes, ne d\u00e9passent pas 6c. Ce qui en fait un endroit magnifique pour grimper toute l&rsquo;ann\u00e9e et de s&rsquo;initier \u00e0&hellip;","og_url":"https:\/\/www.valpineta.eu\/fr\/enclusa\/","og_site_name":"Refugio Pineta (Valpineta)","article_publisher":"https:\/\/www.facebook.com\/Refugio-d-Pineta-1689373461292734\/","article_published_time":"2022-09-28T20:54:52+00:00","article_modified_time":"2022-10-10T17:12:03+00:00","og_image":[{"width":2560,"height":1679,"url":"https:\/\/www.valpineta.eu\/wp-content\/uploads\/2022\/09\/P1140337p-scaled.jpg","type":"image\/jpeg"}],"author":"mariekique","twitter_card":"summary_large_image","twitter_misc":{"\u00c9crit par":"mariekique","Dur\u00e9e de lecture estim\u00e9e":"1 minute"},"schema":{"@context":"https:\/\/schema.org","@graph":[{"@type":"Article","@id":"https:\/\/www.valpineta.eu\/fr\/enclusa\/#article","isPartOf":{"@id":"https:\/\/www.valpineta.eu\/fr\/enclusa\/"},"author":{"name":"mariekique","@id":"https:\/\/www.valpineta.eu\/#\/schema\/person\/b17ad5391f410d1e0afce3171c59cd6f"},"headline":"La Enclusa, maintenant \u00ab\u00a0Te toca\u00a0\u00bb","datePublished":"2022-09-28T20:54:52+00:00","dateModified":"2022-10-10T17:12:03+00:00","mainEntityOfPage":{"@id":"https:\/\/www.valpineta.eu\/fr\/enclusa\/"},"wordCount":85,"commentCount":0,"publisher":{"@id":"https:\/\/www.valpineta.eu\/#organization"},"image":{"@id":"https:\/\/www.valpineta.eu\/fr\/enclusa\/#primaryimage"},"thumbnailUrl":"https:\/\/www.valpineta.eu\/wp-content\/uploads\/2022\/09\/01025284.png","articleSection":["Non classifi\u00e9(e)","Verano"],"inLanguage":"fr-FR","potentialAction":[{"@type":"CommentAction","name":"Comment","target":["https:\/\/www.valpineta.eu\/fr\/enclusa\/#respond"]}]},{"@type":"WebPage","@id":"https:\/\/www.valpineta.eu\/fr\/enclusa\/","url":"https:\/\/www.valpineta.eu\/fr\/enclusa\/","name":"La Enclusa, maintenant \"Te toca\" - Refugio Pineta (Valpineta)","isPartOf":{"@id":"https:\/\/www.valpineta.eu\/#website"},"primaryImageOfPage":{"@id":"https:\/\/www.valpineta.eu\/fr\/enclusa\/#primaryimage"},"image":{"@id":"https:\/\/www.valpineta.eu\/fr\/enclusa\/#primaryimage"},"thumbnailUrl":"https:\/\/www.valpineta.eu\/wp-content\/uploads\/2022\/09\/01025284.png","datePublished":"2022-09-28T20:54:52+00:00","dateModified":"2022-10-10T17:12:03+00:00","breadcrumb":{"@id":"https:\/\/www.valpineta.eu\/fr\/enclusa\/#breadcrumb"},"inLanguage":"fr-FR","potentialAction":[{"@type":"ReadAction","target":["https:\/\/www.valpineta.eu\/fr\/enclusa\/"]}]},{"@type":"ImageObject","inLanguage":"fr-FR","@id":"https:\/\/www.valpineta.eu\/fr\/enclusa\/#primaryimage","url":"https:\/\/www.valpineta.eu\/wp-content\/uploads\/2022\/09\/01025284.png","contentUrl":"https:\/\/www.valpineta.eu\/wp-content\/uploads\/2022\/09\/01025284.png"},{"@type":"BreadcrumbList","@id":"https:\/\/www.valpineta.eu\/fr\/enclusa\/#breadcrumb","itemListElement":[{"@type":"ListItem","position":1,"name":"Accueil","item":"https:\/\/www.valpineta.eu\/fr\/"},{"@type":"ListItem","position":2,"name":"La Enclusa, maintenant \u00ab\u00a0Te toca\u00a0\u00bb"}]},{"@type":"WebSite","@id":"https:\/\/www.valpineta.eu\/#website","url":"https:\/\/www.valpineta.eu\/","name":"Refugio Pineta (Valpineta)","description":"Refugio Pineta : La porte de tes r\u00eaves, oses la franchir, et tu te trouveras","publisher":{"@id":"https:\/\/www.valpineta.eu\/#organization"},"potentialAction":[{"@type":"SearchAction","target":{"@type":"EntryPoint","urlTemplate":"https:\/\/www.valpineta.eu\/?s={search_term_string}"},"query-input":{"@type":"PropertyValueSpecification","valueRequired":true,"valueName":"search_term_string"}}],"inLanguage":"fr-FR"},{"@type":"Organization","@id":"https:\/\/www.valpineta.eu\/#organization","name":"Refugio Pineta","url":"https:\/\/www.valpineta.eu\/","logo":{"@type":"ImageObject","inLanguage":"fr-FR","@id":"https:\/\/www.valpineta.eu\/#\/schema\/logo\/image\/","url":"https:\/\/www.valpineta.eu\/wp-content\/uploads\/2019\/12\/LOGO-copie-vert.jpg","contentUrl":"https:\/\/www.valpineta.eu\/wp-content\/uploads\/2019\/12\/LOGO-copie-vert.jpg","width":751,"height":216,"caption":"Refugio Pineta"},"image":{"@id":"https:\/\/www.valpineta.eu\/#\/schema\/logo\/image\/"},"sameAs":["https:\/\/www.facebook.com\/Refugio-d-Pineta-1689373461292734\/"]},{"@type":"Person","@id":"https:\/\/www.valpineta.eu\/#\/schema\/person\/b17ad5391f410d1e0afce3171c59cd6f","name":"mariekique","image":{"@type":"ImageObject","inLanguage":"fr-FR","@id":"https:\/\/www.valpineta.eu\/#\/schema\/person\/image\/","url":"https:\/\/secure.gravatar.com\/avatar\/3d0baa711b86900043699a8c52f9ece6?s=96&d=retro&r=g","contentUrl":"https:\/\/secure.gravatar.com\/avatar\/3d0baa711b86900043699a8c52f9ece6?s=96&d=retro&r=g","caption":"mariekique"}}]}},"_links":{"self":[{"href":"https:\/\/www.valpineta.eu\/fr\/wp-json\/wp\/v2\/posts\/12861"}],"collection":[{"href":"https:\/\/www.valpineta.eu\/fr\/wp-json\/wp\/v2\/posts"}],"about":[{"href":"https:\/\/www.valpineta.eu\/fr\/wp-json\/wp\/v2\/types\/post"}],"author":[{"embeddable":true,"href":"https:\/\/www.valpineta.eu\/fr\/wp-json\/wp\/v2\/users\/2"}],"replies":[{"embeddable":true,"href":"https:\/\/www.valpineta.eu\/fr\/wp-json\/wp\/v2\/comments?post=12861"}],"version-history":[{"count":6,"href":"https:\/\/www.valpineta.eu\/fr\/wp-json\/wp\/v2\/posts\/12861\/revisions"}],"predecessor-version":[{"id":12871,"href":"https:\/\/www.valpineta.eu\/fr\/wp-json\/wp\/v2\/posts\/12861\/revisions\/12871"}],"wp:attachment":[{"href":"https:\/\/www.valpineta.eu\/fr\/wp-json\/wp\/v2\/media?parent=12861"}],"wp:term":[{"taxonomy":"category","embeddable":true,"href":"https:\/\/www.valpineta.eu\/fr\/wp-json\/wp\/v2\/categories?post=12861"},{"taxonomy":"post_tag","embeddable":true,"href":"https:\/\/www.valpineta.eu\/fr\/wp-json\/wp\/v2\/tags?post=12861"}],"curies":[{"name":"wp","href":"https:\/\/api.w.org\/{rel}","templated":true}]}}