{"id":12803,"date":"2022-08-28T17:07:24","date_gmt":"2022-08-28T15:07:24","guid":{"rendered":"https:\/\/www.valpineta.eu\/trigoniero-salcorz-mener\/"},"modified":"2023-08-15T18:14:30","modified_gmt":"2023-08-15T16:14:30","slug":"trigoniero-salcorz-mener","status":"publish","type":"post","link":"https:\/\/www.valpineta.eu\/fr\/trigoniero-salcorz-mener\/","title":{"rendered":"Naviguant vers d&rsquo;autres mers&#8230; Trigoniero"},"content":{"rendered":"\n<h2>\n\t\tTrigoniero, navegando por otros mares\n\t<\/h2>\n\t<p>Loin des vagues de fr\u00e9quentation des sommets de 3000 m, les montagnes de Trigoniero nous r\u00e9compensent par des ascensions modestes depuis la Plana del Cabo. En revanche, si nous les effectuons dans la journ\u00e9e, depuis l&rsquo;ancienne douane, comme c&rsquo;est le cas habituellement, elles pr\u00e9sentent en g\u00e9n\u00e9ral un d\u00e9nivel\u00e9 de plus de 1000m.<\/p>\nIl s&rsquo;agit d&rsquo;une enclave pastorale qui contemple des massifs aussi importants que le N\u00e9ouvielle, le Bachimala, le Mont Perdu ou la Munia avec Troumouse&#8230;<br \/>\nDes pentes herbeuses ou des cr\u00eates rocheuses sans grande difficult\u00e9 et un environnement paisible qui nous invite \u00e0 la r\u00eaverie.\n\t<!--Card image-->\n\t\t\t\t\t\t<a href=\"https:\/\/www.valpineta.eu\/fr\/excursion\/plana-del-cabo-cabana-de-trigoniero\/\" target=\"_blank\" itemprop=\"url\" rel=\"noopener\">\n\t\t\t\t\t\t<img decoding=\"async\" src=\"https:\/\/www.valpineta.eu\/wp-content\/uploads\/2022\/08\/010226190c-scaled.jpg\" alt=\"Plana del Cabo\" itemprop=\"image\"  \/>\n\t\t\t\t<\/a>\n\t<!--\/.Card image-->\n\t<!--Card content-->\n\t\t<!--Title-->\n\t\t<h4>Plana del Cabo<\/h4>\n\t\t<!--\/.Title-->\t\n\t\t\t<!--Text-->\n\t\t\t\t<p>4h<br \/>D\u00e9nivel\u00e9 : 700m<br \/>9,5km<\/p>\t\t\t\n\t\t\t<!--\/.Text-->\t\n\t\t\t<!--Link--> \n\t\t\t<a href=\"https:\/\/www.valpineta.eu\/fr\/excursion\/plana-del-cabo-cabana-de-trigoniero\/\" target=\"_blank\" rel=\"noopener\">\n\t\t\t\tDescription\t\t\t<\/a>\n\t\t\t\t<!--\/.Link-->\n\t<!--\/.Card content-->\n\t<!--Card image-->\n\t\t\t\t\t\t<a href=\"https:\/\/www.valpineta.eu\/fr\/excursion\/ibones-de-mener\/\" target=\"_blank\" itemprop=\"url\" rel=\"noopener\">\n\t\t\t\t\t\t<img decoding=\"async\" src=\"https:\/\/www.valpineta.eu\/wp-content\/uploads\/2022\/08\/P1025120C-scaled.jpg\" alt=\"P1025120C\" itemprop=\"image\"  \/>\n\t\t\t\t<\/a>\n\t<!--\/.Card image-->\n\t<!--Card content-->\n\t\t<!--Title-->\n\t\t<h4>Ibones de Mener<\/h4>\n\t\t<!--\/.Title-->\t\n\t\t\t<!--Text-->\n\t\t\t\t<p>5h30<br \/>D\u00e9nivel\u00e9 : 950m<br \/>12km<\/p>\t\t\t\n\t\t\t<!--\/.Text-->\t\n\t\t\t<!--Link--> \n\t\t\t<a href=\"https:\/\/www.valpineta.eu\/fr\/excursion\/ibones-de-mener\/\" target=\"_blank\" rel=\"noopener\">\n\t\t\t\tDescription\t\t\t<\/a>\n\t\t\t\t<!--\/.Link-->\n\t<!--\/.Card content-->\n\t<!--Card image-->\n\t\t\t\t\t\t<a href=\"https:\/\/www.valpineta.eu\/fr\/excursion\/ibon-de-trigoniero\/\" target=\"_blank\" itemprop=\"url\" rel=\"noopener\">\n\t\t\t\t\t\t<img decoding=\"async\" src=\"https:\/\/www.valpineta.eu\/wp-content\/uploads\/2022\/08\/P1025024c-1-scaled.jpg\" alt=\"Ib\u00f3n de Trigoniero\" itemprop=\"image\"  \/>\n\t\t\t\t<\/a>\n\t<!--\/.Card image-->\n\t<!--Card content-->\n\t\t<!--Title-->\n\t\t<h4>Ib\u00f3n de Trigoniero<\/h4>\n\t\t<!--\/.Title-->\t\n\t\t\t<!--Text-->\n\t\t\t\t<p>6h00<br \/>D\u00e9nivel\u00e9 : 1100m<br \/>13km<\/p>\t\t\t\n\t\t\t<!--\/.Text-->\t\n\t\t\t<!--Link--> \n\t\t\t<a href=\"https:\/\/www.valpineta.eu\/fr\/excursion\/ibon-de-trigoniero\/\" target=\"_blank\" rel=\"noopener\">\n\t\t\t\tDescription\t\t\t<\/a>\n\t\t\t\t<!--\/.Link-->\n\t<!--\/.Card content-->\n\t<!--Card image-->\n\t\t\t\t\t\t<a href=\"https:\/\/www.valpineta.eu\/fr\/excursion\/pico-mener\/\" target=\"_blank\" itemprop=\"url\" rel=\"noopener\">\n\t\t\t\t\t\t<img decoding=\"async\" src=\"https:\/\/www.valpineta.eu\/wp-content\/uploads\/2022\/08\/P1025103C-scaled.jpg\" alt=\"La Estibeta\" itemprop=\"image\"  \/>\n\t\t\t\t<\/a>\n\t<!--\/.Card image-->\n\t<!--Card content-->\n\t\t<!--Title-->\n\t\t<h4>Pic Mener<\/h4>\n\t\t<!--\/.Title-->\t\n\t\t\t<!--Text-->\n\t\t\t\t<p>6h30<br \/>D\u00e9nivel\u00e9 : 1100m<br \/>14km<\/p>\t\t\t\n\t\t\t<!--\/.Text-->\t\n\t\t\t<!--Link--> \n\t\t\t<a href=\"https:\/\/www.valpineta.eu\/fr\/excursion\/pico-mener\/\" target=\"_blank\" rel=\"noopener\">\n\t\t\t\tDescription\t\t\t<\/a>\n\t\t\t\t<!--\/.Link-->\n\t<!--\/.Card content-->\n\t<!--Card image-->\n\t\t\t\t\t\t<a href=\"https:\/\/www.valpineta.eu\/fr\/excursion\/pico-espada-en-circuito\/\" target=\"_blank\" itemprop=\"url\" rel=\"noopener\">\n\t\t\t\t\t\t<img decoding=\"async\" src=\"https:\/\/www.valpineta.eu\/wp-content\/uploads\/2022\/08\/P1025133-c-scaled.jpg\" alt=\"Campbielh y Salcorz desde Espada\n\" itemprop=\"image\"  \/>\n\t\t\t\t<\/a>\n\t<!--\/.Card image-->\n\t<!--Card content-->\n\t\t<!--Title-->\n\t\t<h4>Pic Espada en circuit<\/h4>\n\t\t<!--\/.Title-->\t\n\t\t\t<!--Text-->\n\t\t\t\t<p>8h<br \/>D\u00e9nivel\u00e9 : 1600m<br \/>15km<\/p>\t\t\t\n\t\t\t<!--\/.Text-->\t\n\t\t\t<!--Link--> \n\t\t\t<a href=\"https:\/\/www.valpineta.eu\/fr\/excursion\/pico-espada-en-circuito\/\" target=\"_blank\" rel=\"noopener\">\n\t\t\t\tDescription\t\t\t<\/a>\n\t\t\t\t<!--\/.Link-->\n\t<!--\/.Card content-->\n\t<!--Card image-->\n\t\t\t\t\t\t<a href=\"https:\/\/www.valpineta.eu\/fr\/excursion\/pico-del-ibonet-desde-trigoniero\/\" target=\"_blank\" itemprop=\"url\" rel=\"noopener\">\n\t\t\t\t\t\t<img decoding=\"async\" src=\"https:\/\/www.valpineta.eu\/wp-content\/uploads\/2021\/08\/01022832carr-scaled.jpg\" alt=\"01022832carr\" itemprop=\"image\"  \/>\n\t\t\t\t<\/a>\n\t<!--\/.Card image-->\n\t<!--Card content-->\n\t\t<!--Title-->\n\t\t<h4>Pico  d&rsquo;Arriou\u00e8re (ou Ibonet) en circuit<\/h4>\n\t\t<!--\/.Title-->\t\n\t\t\t<!--Text-->\n\t\t\t\t<p>8h30<br \/>D\u00e9nivel\u00e9 : 1600m<br \/>17km<\/p>\t\t\t\n\t\t\t<!--\/.Text-->\t\n\t\t\t<!--Link--> \n\t\t\t<a href=\"https:\/\/www.valpineta.eu\/fr\/excursion\/pico-del-ibonet-desde-trigoniero\/\" target=\"_blank\" rel=\"noopener\">\n\t\t\t\tDescription\t\t\t<\/a>\n\t\t\t\t<!--\/.Link-->\n\t<!--\/.Card content-->\n\t<!--Card image-->\n\t\t\t\t\t\t<a href=\"https:\/\/www.valpineta.eu\/fr\/excursion\/circuito-picos-de-espada-y-del-ibonet\/\" target=\"_blank\" itemprop=\"url\" rel=\"noopener\">\n\t\t\t\t\t\t<img decoding=\"async\" src=\"https:\/\/www.valpineta.eu\/wp-content\/uploads\/2022\/08\/canal-scaled.jpg\" alt=\"Canal de bajada del Pico Espada\" itemprop=\"image\"  \/>\n\t\t\t\t<\/a>\n\t<!--\/.Card image-->\n\t<!--Card content-->\n\t\t<!--Title-->\n\t\t<h4>Circuit Espada &#8211; Ibonet<\/h4>\n\t\t<!--\/.Title-->\t\n\t\t\t<!--Text-->\n\t\t\t\t<p>11h<br \/>D\u00e9nivel\u00e9 : 1850m<br \/>18,5km<\/p>\t\t\t\n\t\t\t<!--\/.Text-->\t\n\t\t\t<!--Link--> \n\t\t\t<a href=\"https:\/\/www.valpineta.eu\/fr\/excursion\/circuito-picos-de-espada-y-del-ibonet\/\" target=\"_blank\" rel=\"noopener\">\n\t\t\t\tDescription\t\t\t<\/a>\n\t\t\t\t<!--\/.Link-->\n\t<!--\/.Card content-->\n\t<!--Card image-->\n\t\t\t\t\t\t<a href=\"https:\/\/www.valpineta.eu\/fr\/salcorz-moudang-trigoniero\/\" target=\"_blank\" itemprop=\"url\" rel=\"noopener\">\n\t\t\t\t\t\t<img decoding=\"async\" src=\"https:\/\/www.valpineta.eu\/wp-content\/uploads\/2021\/08\/P1050284-copie-scaled.jpg\" alt=\"Garlitz desde el Salcorz\" itemprop=\"image\"  \/>\n\t\t\t\t<\/a>\n\t<!--\/.Card image-->\n\t<!--Card content-->\n\t\t<!--Title-->\n\t\t<h4>Salcorz Trigoniero<\/h4>\n\t\t<!--\/.Title-->\t\n\t\t\t<!--Text-->\n\t\t\t\t<p>Par Moudang :7h30<br \/>D\u00e9nivel\u00e9 : 1250m<br \/>18,5kmPar le Pic de Salcorz : 7h<br \/>D\u00e9nivel\u00e9 : 1250m<br \/>15,5km<\/p>\t\t\t\n\t\t\t<!--\/.Text-->\t\n\t\t\t<!--Link--> \n\t\t\t<a href=\"https:\/\/www.valpineta.eu\/fr\/salcorz-moudang-trigoniero\/\" target=\"_blank\" rel=\"noopener\">\n\t\t\t\tDescription\t\t\t<\/a>\n\t\t\t\t<!--\/.Link-->\n\t<!--\/.Card content-->\n\t\t\t\t<a href=\"https:\/\/www.valpineta.eu\/wp-content\/uploads\/2022\/08\/SALCORZ-TRIGONIERO-CARTE-1-scaled.jpg\" target=\"_self\" itemprop=\"url\" rel=\"noopener\">\n\t\t\t\t<img loading=\"lazy\" decoding=\"async\" src=\"https:\/\/www.valpineta.eu\/wp-content\/uploads\/2022\/08\/SALCORZ-TRIGONIERO-CARTE-1-scaled.jpg\" alt=\"SALCORZ TRIGONIERO CARTE\" itemprop=\"image\" height=\"1838\" width=\"2560\" title=\"SALCORZ TRIGONIERO CARTE\" onerror=\"this.style.display='none'\"  \/>\n\t\t\t\t<\/a>\n\n","protected":false},"excerpt":{"rendered":"<p>Trigoniero, navegando por otros mares Loin des vagues de fr\u00e9quentation des sommets de 3000 m, les montagnes de Trigoniero nous r\u00e9compensent par des ascensions modestes depuis la Plana del Cabo. En revanche, si nous les effectuons dans la journ\u00e9e, depuis l&rsquo;ancienne douane, comme c&rsquo;est le cas habituellement, elles pr\u00e9sentent en g\u00e9n\u00e9ral un d\u00e9nivel\u00e9 de plus&hellip;<\/p>\n","protected":false},"author":2,"featured_media":12724,"comment_status":"open","ping_status":"open","sticky":false,"template":"tpl-full-width.php","format":"standard","meta":{"footnotes":""},"categories":[41,1,36],"tags":[],"yoast_head":"<!-- This site is optimized with the Yoast SEO plugin v24.5 - https:\/\/yoast.com\/wordpress\/plugins\/seo\/ -->\n<title>Naviguant vers d&#039;autres mers... Trigoniero - Refugio Pineta (Valpineta)<\/title>\n<meta name=\"robots\" content=\"index, follow, max-snippet:-1, max-image-preview:large, max-video-preview:-1\" \/>\n<link rel=\"canonical\" href=\"https:\/\/www.valpineta.eu\/fr\/trigoniero-salcorz-mener\/\" \/>\n<meta property=\"og:locale\" content=\"fr_FR\" \/>\n<meta property=\"og:type\" content=\"article\" \/>\n<meta property=\"og:title\" content=\"Naviguant vers d&#039;autres mers... Trigoniero - Refugio Pineta (Valpineta)\" \/>\n<meta property=\"og:description\" content=\"Trigoniero, navegando por otros mares Loin des vagues de fr\u00e9quentation des sommets de 3000 m, les montagnes de Trigoniero nous r\u00e9compensent par des ascensions modestes depuis la Plana del Cabo. En revanche, si nous les effectuons dans la journ\u00e9e, depuis l&rsquo;ancienne douane, comme c&rsquo;est le cas habituellement, elles pr\u00e9sentent en g\u00e9n\u00e9ral un d\u00e9nivel\u00e9 de plus&hellip;\" \/>\n<meta property=\"og:url\" content=\"https:\/\/www.valpineta.eu\/fr\/trigoniero-salcorz-mener\/\" \/>\n<meta property=\"og:site_name\" content=\"Refugio Pineta (Valpineta)\" \/>\n<meta property=\"article:publisher\" content=\"https:\/\/www.facebook.com\/Refugio-d-Pineta-1689373461292734\/\" \/>\n<meta property=\"article:published_time\" content=\"2022-08-28T15:07:24+00:00\" \/>\n<meta property=\"article:modified_time\" content=\"2023-08-15T16:14:30+00:00\" \/>\n<meta property=\"og:image\" content=\"https:\/\/www.valpineta.eu\/wp-content\/uploads\/2022\/08\/P1025123P-scaled.jpg\" \/>\n\t<meta property=\"og:image:width\" content=\"2560\" \/>\n\t<meta property=\"og:image:height\" content=\"1355\" \/>\n\t<meta property=\"og:image:type\" content=\"image\/jpeg\" \/>\n<meta name=\"author\" content=\"mariekique\" \/>\n<meta name=\"twitter:card\" content=\"summary_large_image\" \/>\n<meta name=\"twitter:label1\" content=\"\u00c9crit par\" \/>\n\t<meta name=\"twitter:data1\" content=\"mariekique\" \/>\n\t<meta name=\"twitter:label2\" content=\"Dur\u00e9e de lecture estim\u00e9e\" \/>\n\t<meta name=\"twitter:data2\" content=\"3 minutes\" \/>\n<script type=\"application\/ld+json\" class=\"yoast-schema-graph\">{\"@context\":\"https:\/\/schema.org\",\"@graph\":[{\"@type\":\"Article\",\"@id\":\"https:\/\/www.valpineta.eu\/fr\/trigoniero-salcorz-mener\/#article\",\"isPartOf\":{\"@id\":\"https:\/\/www.valpineta.eu\/fr\/trigoniero-salcorz-mener\/\"},\"author\":{\"name\":\"mariekique\",\"@id\":\"https:\/\/www.valpineta.eu\/#\/schema\/person\/b17ad5391f410d1e0afce3171c59cd6f\"},\"headline\":\"Naviguant vers d&rsquo;autres mers&#8230; Trigoniero\",\"datePublished\":\"2022-08-28T15:07:24+00:00\",\"dateModified\":\"2023-08-15T16:14:30+00:00\",\"mainEntityOfPage\":{\"@id\":\"https:\/\/www.valpineta.eu\/fr\/trigoniero-salcorz-mener\/\"},\"wordCount\":198,\"commentCount\":0,\"publisher\":{\"@id\":\"https:\/\/www.valpineta.eu\/#organization\"},\"image\":{\"@id\":\"https:\/\/www.valpineta.eu\/fr\/trigoniero-salcorz-mener\/#primaryimage\"},\"thumbnailUrl\":\"https:\/\/www.valpineta.eu\/wp-content\/uploads\/2022\/08\/P1025123P-scaled.jpg\",\"articleSection\":[\"Garder\",\"Non classifi\u00e9(e)\",\"Verano\"],\"inLanguage\":\"fr-FR\",\"potentialAction\":[{\"@type\":\"CommentAction\",\"name\":\"Comment\",\"target\":[\"https:\/\/www.valpineta.eu\/fr\/trigoniero-salcorz-mener\/#respond\"]}]},{\"@type\":\"WebPage\",\"@id\":\"https:\/\/www.valpineta.eu\/fr\/trigoniero-salcorz-mener\/\",\"url\":\"https:\/\/www.valpineta.eu\/fr\/trigoniero-salcorz-mener\/\",\"name\":\"Naviguant vers d'autres mers... Trigoniero - Refugio Pineta (Valpineta)\",\"isPartOf\":{\"@id\":\"https:\/\/www.valpineta.eu\/#website\"},\"primaryImageOfPage\":{\"@id\":\"https:\/\/www.valpineta.eu\/fr\/trigoniero-salcorz-mener\/#primaryimage\"},\"image\":{\"@id\":\"https:\/\/www.valpineta.eu\/fr\/trigoniero-salcorz-mener\/#primaryimage\"},\"thumbnailUrl\":\"https:\/\/www.valpineta.eu\/wp-content\/uploads\/2022\/08\/P1025123P-scaled.jpg\",\"datePublished\":\"2022-08-28T15:07:24+00:00\",\"dateModified\":\"2023-08-15T16:14:30+00:00\",\"breadcrumb\":{\"@id\":\"https:\/\/www.valpineta.eu\/fr\/trigoniero-salcorz-mener\/#breadcrumb\"},\"inLanguage\":\"fr-FR\",\"potentialAction\":[{\"@type\":\"ReadAction\",\"target\":[\"https:\/\/www.valpineta.eu\/fr\/trigoniero-salcorz-mener\/\"]}]},{\"@type\":\"ImageObject\",\"inLanguage\":\"fr-FR\",\"@id\":\"https:\/\/www.valpineta.eu\/fr\/trigoniero-salcorz-mener\/#primaryimage\",\"url\":\"https:\/\/www.valpineta.eu\/wp-content\/uploads\/2022\/08\/P1025123P-scaled.jpg\",\"contentUrl\":\"https:\/\/www.valpineta.eu\/wp-content\/uploads\/2022\/08\/P1025123P-scaled.jpg\",\"width\":2560,\"height\":1355},{\"@type\":\"BreadcrumbList\",\"@id\":\"https:\/\/www.valpineta.eu\/fr\/trigoniero-salcorz-mener\/#breadcrumb\",\"itemListElement\":[{\"@type\":\"ListItem\",\"position\":1,\"name\":\"Accueil\",\"item\":\"https:\/\/www.valpineta.eu\/fr\/\"},{\"@type\":\"ListItem\",\"position\":2,\"name\":\"Naviguant vers d&#8217;autres mers&#8230; Trigoniero\"}]},{\"@type\":\"WebSite\",\"@id\":\"https:\/\/www.valpineta.eu\/#website\",\"url\":\"https:\/\/www.valpineta.eu\/\",\"name\":\"Refugio Pineta (Valpineta)\",\"description\":\"Refugio Pineta : La porte de tes r\u00eaves, oses la franchir, et tu te trouveras\",\"publisher\":{\"@id\":\"https:\/\/www.valpineta.eu\/#organization\"},\"potentialAction\":[{\"@type\":\"SearchAction\",\"target\":{\"@type\":\"EntryPoint\",\"urlTemplate\":\"https:\/\/www.valpineta.eu\/?s={search_term_string}\"},\"query-input\":{\"@type\":\"PropertyValueSpecification\",\"valueRequired\":true,\"valueName\":\"search_term_string\"}}],\"inLanguage\":\"fr-FR\"},{\"@type\":\"Organization\",\"@id\":\"https:\/\/www.valpineta.eu\/#organization\",\"name\":\"Refugio Pineta\",\"url\":\"https:\/\/www.valpineta.eu\/\",\"logo\":{\"@type\":\"ImageObject\",\"inLanguage\":\"fr-FR\",\"@id\":\"https:\/\/www.valpineta.eu\/#\/schema\/logo\/image\/\",\"url\":\"https:\/\/www.valpineta.eu\/wp-content\/uploads\/2019\/12\/LOGO-copie-vert.jpg\",\"contentUrl\":\"https:\/\/www.valpineta.eu\/wp-content\/uploads\/2019\/12\/LOGO-copie-vert.jpg\",\"width\":751,\"height\":216,\"caption\":\"Refugio Pineta\"},\"image\":{\"@id\":\"https:\/\/www.valpineta.eu\/#\/schema\/logo\/image\/\"},\"sameAs\":[\"https:\/\/www.facebook.com\/Refugio-d-Pineta-1689373461292734\/\"]},{\"@type\":\"Person\",\"@id\":\"https:\/\/www.valpineta.eu\/#\/schema\/person\/b17ad5391f410d1e0afce3171c59cd6f\",\"name\":\"mariekique\",\"image\":{\"@type\":\"ImageObject\",\"inLanguage\":\"fr-FR\",\"@id\":\"https:\/\/www.valpineta.eu\/#\/schema\/person\/image\/\",\"url\":\"https:\/\/secure.gravatar.com\/avatar\/3d0baa711b86900043699a8c52f9ece6?s=96&d=retro&r=g\",\"contentUrl\":\"https:\/\/secure.gravatar.com\/avatar\/3d0baa711b86900043699a8c52f9ece6?s=96&d=retro&r=g\",\"caption\":\"mariekique\"}}]}<\/script>\n<!-- \/ Yoast SEO plugin. -->","yoast_head_json":{"title":"Naviguant vers d'autres mers... Trigoniero - Refugio Pineta (Valpineta)","robots":{"index":"index","follow":"follow","max-snippet":"max-snippet:-1","max-image-preview":"max-image-preview:large","max-video-preview":"max-video-preview:-1"},"canonical":"https:\/\/www.valpineta.eu\/fr\/trigoniero-salcorz-mener\/","og_locale":"fr_FR","og_type":"article","og_title":"Naviguant vers d'autres mers... Trigoniero - Refugio Pineta (Valpineta)","og_description":"Trigoniero, navegando por otros mares Loin des vagues de fr\u00e9quentation des sommets de 3000 m, les montagnes de Trigoniero nous r\u00e9compensent par des ascensions modestes depuis la Plana del Cabo. En revanche, si nous les effectuons dans la journ\u00e9e, depuis l&rsquo;ancienne douane, comme c&rsquo;est le cas habituellement, elles pr\u00e9sentent en g\u00e9n\u00e9ral un d\u00e9nivel\u00e9 de plus&hellip;","og_url":"https:\/\/www.valpineta.eu\/fr\/trigoniero-salcorz-mener\/","og_site_name":"Refugio Pineta (Valpineta)","article_publisher":"https:\/\/www.facebook.com\/Refugio-d-Pineta-1689373461292734\/","article_published_time":"2022-08-28T15:07:24+00:00","article_modified_time":"2023-08-15T16:14:30+00:00","og_image":[{"width":2560,"height":1355,"url":"https:\/\/www.valpineta.eu\/wp-content\/uploads\/2022\/08\/P1025123P-scaled.jpg","type":"image\/jpeg"}],"author":"mariekique","twitter_card":"summary_large_image","twitter_misc":{"\u00c9crit par":"mariekique","Dur\u00e9e de lecture estim\u00e9e":"3 minutes"},"schema":{"@context":"https:\/\/schema.org","@graph":[{"@type":"Article","@id":"https:\/\/www.valpineta.eu\/fr\/trigoniero-salcorz-mener\/#article","isPartOf":{"@id":"https:\/\/www.valpineta.eu\/fr\/trigoniero-salcorz-mener\/"},"author":{"name":"mariekique","@id":"https:\/\/www.valpineta.eu\/#\/schema\/person\/b17ad5391f410d1e0afce3171c59cd6f"},"headline":"Naviguant vers d&rsquo;autres mers&#8230; Trigoniero","datePublished":"2022-08-28T15:07:24+00:00","dateModified":"2023-08-15T16:14:30+00:00","mainEntityOfPage":{"@id":"https:\/\/www.valpineta.eu\/fr\/trigoniero-salcorz-mener\/"},"wordCount":198,"commentCount":0,"publisher":{"@id":"https:\/\/www.valpineta.eu\/#organization"},"image":{"@id":"https:\/\/www.valpineta.eu\/fr\/trigoniero-salcorz-mener\/#primaryimage"},"thumbnailUrl":"https:\/\/www.valpineta.eu\/wp-content\/uploads\/2022\/08\/P1025123P-scaled.jpg","articleSection":["Garder","Non classifi\u00e9(e)","Verano"],"inLanguage":"fr-FR","potentialAction":[{"@type":"CommentAction","name":"Comment","target":["https:\/\/www.valpineta.eu\/fr\/trigoniero-salcorz-mener\/#respond"]}]},{"@type":"WebPage","@id":"https:\/\/www.valpineta.eu\/fr\/trigoniero-salcorz-mener\/","url":"https:\/\/www.valpineta.eu\/fr\/trigoniero-salcorz-mener\/","name":"Naviguant vers d'autres mers... Trigoniero - Refugio Pineta (Valpineta)","isPartOf":{"@id":"https:\/\/www.valpineta.eu\/#website"},"primaryImageOfPage":{"@id":"https:\/\/www.valpineta.eu\/fr\/trigoniero-salcorz-mener\/#primaryimage"},"image":{"@id":"https:\/\/www.valpineta.eu\/fr\/trigoniero-salcorz-mener\/#primaryimage"},"thumbnailUrl":"https:\/\/www.valpineta.eu\/wp-content\/uploads\/2022\/08\/P1025123P-scaled.jpg","datePublished":"2022-08-28T15:07:24+00:00","dateModified":"2023-08-15T16:14:30+00:00","breadcrumb":{"@id":"https:\/\/www.valpineta.eu\/fr\/trigoniero-salcorz-mener\/#breadcrumb"},"inLanguage":"fr-FR","potentialAction":[{"@type":"ReadAction","target":["https:\/\/www.valpineta.eu\/fr\/trigoniero-salcorz-mener\/"]}]},{"@type":"ImageObject","inLanguage":"fr-FR","@id":"https:\/\/www.valpineta.eu\/fr\/trigoniero-salcorz-mener\/#primaryimage","url":"https:\/\/www.valpineta.eu\/wp-content\/uploads\/2022\/08\/P1025123P-scaled.jpg","contentUrl":"https:\/\/www.valpineta.eu\/wp-content\/uploads\/2022\/08\/P1025123P-scaled.jpg","width":2560,"height":1355},{"@type":"BreadcrumbList","@id":"https:\/\/www.valpineta.eu\/fr\/trigoniero-salcorz-mener\/#breadcrumb","itemListElement":[{"@type":"ListItem","position":1,"name":"Accueil","item":"https:\/\/www.valpineta.eu\/fr\/"},{"@type":"ListItem","position":2,"name":"Naviguant vers d&#8217;autres mers&#8230; Trigoniero"}]},{"@type":"WebSite","@id":"https:\/\/www.valpineta.eu\/#website","url":"https:\/\/www.valpineta.eu\/","name":"Refugio Pineta (Valpineta)","description":"Refugio Pineta : La porte de tes r\u00eaves, oses la franchir, et tu te trouveras","publisher":{"@id":"https:\/\/www.valpineta.eu\/#organization"},"potentialAction":[{"@type":"SearchAction","target":{"@type":"EntryPoint","urlTemplate":"https:\/\/www.valpineta.eu\/?s={search_term_string}"},"query-input":{"@type":"PropertyValueSpecification","valueRequired":true,"valueName":"search_term_string"}}],"inLanguage":"fr-FR"},{"@type":"Organization","@id":"https:\/\/www.valpineta.eu\/#organization","name":"Refugio Pineta","url":"https:\/\/www.valpineta.eu\/","logo":{"@type":"ImageObject","inLanguage":"fr-FR","@id":"https:\/\/www.valpineta.eu\/#\/schema\/logo\/image\/","url":"https:\/\/www.valpineta.eu\/wp-content\/uploads\/2019\/12\/LOGO-copie-vert.jpg","contentUrl":"https:\/\/www.valpineta.eu\/wp-content\/uploads\/2019\/12\/LOGO-copie-vert.jpg","width":751,"height":216,"caption":"Refugio Pineta"},"image":{"@id":"https:\/\/www.valpineta.eu\/#\/schema\/logo\/image\/"},"sameAs":["https:\/\/www.facebook.com\/Refugio-d-Pineta-1689373461292734\/"]},{"@type":"Person","@id":"https:\/\/www.valpineta.eu\/#\/schema\/person\/b17ad5391f410d1e0afce3171c59cd6f","name":"mariekique","image":{"@type":"ImageObject","inLanguage":"fr-FR","@id":"https:\/\/www.valpineta.eu\/#\/schema\/person\/image\/","url":"https:\/\/secure.gravatar.com\/avatar\/3d0baa711b86900043699a8c52f9ece6?s=96&d=retro&r=g","contentUrl":"https:\/\/secure.gravatar.com\/avatar\/3d0baa711b86900043699a8c52f9ece6?s=96&d=retro&r=g","caption":"mariekique"}}]}},"_links":{"self":[{"href":"https:\/\/www.valpineta.eu\/fr\/wp-json\/wp\/v2\/posts\/12803"}],"collection":[{"href":"https:\/\/www.valpineta.eu\/fr\/wp-json\/wp\/v2\/posts"}],"about":[{"href":"https:\/\/www.valpineta.eu\/fr\/wp-json\/wp\/v2\/types\/post"}],"author":[{"embeddable":true,"href":"https:\/\/www.valpineta.eu\/fr\/wp-json\/wp\/v2\/users\/2"}],"replies":[{"embeddable":true,"href":"https:\/\/www.valpineta.eu\/fr\/wp-json\/wp\/v2\/comments?post=12803"}],"version-history":[{"count":4,"href":"https:\/\/www.valpineta.eu\/fr\/wp-json\/wp\/v2\/posts\/12803\/revisions"}],"predecessor-version":[{"id":12818,"href":"https:\/\/www.valpineta.eu\/fr\/wp-json\/wp\/v2\/posts\/12803\/revisions\/12818"}],"wp:featuredmedia":[{"embeddable":true,"href":"https:\/\/www.valpineta.eu\/fr\/wp-json\/wp\/v2\/media\/12724"}],"wp:attachment":[{"href":"https:\/\/www.valpineta.eu\/fr\/wp-json\/wp\/v2\/media?parent=12803"}],"wp:term":[{"taxonomy":"category","embeddable":true,"href":"https:\/\/www.valpineta.eu\/fr\/wp-json\/wp\/v2\/categories?post=12803"},{"taxonomy":"post_tag","embeddable":true,"href":"https:\/\/www.valpineta.eu\/fr\/wp-json\/wp\/v2\/tags?post=12803"}],"curies":[{"name":"wp","href":"https:\/\/api.w.org\/{rel}","templated":true}]}}