{"id":12177,"date":"2022-06-13T22:29:56","date_gmt":"2022-06-13T20:29:56","guid":{"rendered":"https:\/\/www.valpineta.eu\/seadelantaelverano\/"},"modified":"2022-06-14T11:12:18","modified_gmt":"2022-06-14T09:12:18","slug":"seadelantaelverano","status":"publish","type":"post","link":"https:\/\/www.valpineta.eu\/fr\/seadelantaelverano\/","title":{"rendered":"Un \u00e9t\u00e9 pr\u00e9coce"},"content":{"rendered":"\r\n<h2>Un \u00e9t\u00e9 pr\u00e9coce<\/h2>\r\n<p>Reste-t-il de la neige ?<br \/>Oui, malgr\u00e9 la chaleur qui n&rsquo;a cess\u00e9 de s\u00e9vir depuis des jours.<br \/>Un mois de juin que ressemble plut\u00f4t \u00e0 juillet.<br \/>Mais \u00e0 certains endroits comme la Munia (zone du lac), Marbor\u00e9 (ainsi son acc\u00e8s, l&rsquo;Embudo) ou le chemin de Pardas&#8230; la neige r\u00e9siste. \u00c9videmment, la br\u00e8che de Tuquerouye (versant nord) ou le fond d&rsquo;Estaub\u00e9 (en passant par le Port Neuf de Pineta) sont aussi des endroits o\u00f9 la neige est conserv\u00e9e.<\/p>\r\n<p>En revanche, et \u00e0 la satisfaction des randonneurs du <em>GR-11<\/em> entre Pineta et Goriz, le <strong>passage \u00e9quip\u00e9<\/strong> sous la Punta de las Olas est d\u00e9sormais compl\u00e8tement d\u00e9neig\u00e9.<\/p>\r\n<p><a role=\"button\" href=\"https:\/\/pirineodeluis.blogspot.com\/2022\/06\/pico-de-la-munia-3132-m-y-pequena-munia.html\" target=\"_self\" rel=\"noopener\"> Condiciones en la Munia el 11\/06 (pirineodeluis) <\/a><\/p>\r\n<h4><a title=\"Quelques id\u00e9es d'excursions sans neige depuis le refuge\" href=\"https:\/\/www.valpineta.eu\/excursion\/pico-de-comodoto-circular-desde-el-refugio\/\" target=\"_self\" rel=\"noopener\"> Quelques id\u00e9es d&rsquo;excursions sans neige depuis le refuge <\/a><\/h4>\r\n<p><a role=\"button\" href=\"https:\/\/www.valpineta.eu\/fr\/excursion\/collado-de-anisclo\/\" target=\"_self\" rel=\"noopener\"> Col d&rsquo;A\u00f1isclo <\/a> <a role=\"button\" href=\"https:\/\/www.valpineta.eu\/fr\/excursion\/collado-de-anisclo\/\" target=\"_self\" rel=\"noopener\"> Col d&rsquo;A\u00f1isclo <\/a> <a role=\"button\" href=\"https:\/\/www.valpineta.eu\/fr\/excursion\/punta-de-las-olas\/\" target=\"_blank\" rel=\"noopener\"> Punta de las Olas <\/a> <a role=\"button\" href=\"https:\/\/www.valpineta.eu\/fr\/excursion\/pico-de-comodoto-circular-desde-el-refugio\/\" target=\"_self\" rel=\"noopener\"> Comodoto en circuit depuis le refuge <\/a> <a role=\"button\" href=\"https:\/\/www.valpineta.eu\/fr\/excursion\/chinipro\/\" target=\"_self\" rel=\"noopener\"> Chinipro <\/a><\/p>\r\n<h4>Et avec de la neige (13\/06\/22)<\/h4>\r\n<p><a role=\"button\" href=\"https:\/\/www.valpineta.eu\/fr\/excursion\/balcon-de-pineta\/\" target=\"_self\" rel=\"noopener\"> Balcon de Pineta <\/a> <a role=\"button\" href=\"https:\/\/www.valpineta.eu\/fr\/excursion\/la-munia-circular-refugio\/\" target=\"_self\" rel=\"noopener\"> La Munia en circuit depuis le refuge <\/a> <a role=\"button\" href=\"https:\/\/www.valpineta.eu\/fr\/excursion\/puerto-nuevo-pineta-tucarroya\/\" target=\"_self\" rel=\"noopener\"> Port Neuf &#8211; Br\u00e8che de Tuquerouye <\/a> <a role=\"button\" href=\"https:\/\/www.valpineta.eu\/excursion\/liena-pardas-barrosa\/\" target=\"_self\" rel=\"noopener\"> Las Pardas (il vaut mieux attendre un peu) <\/a><\/p>\r\n","protected":false},"excerpt":{"rendered":"<p>Un \u00e9t\u00e9 pr\u00e9coce Reste-t-il de la neige ?Oui, malgr\u00e9 la chaleur qui n&rsquo;a cess\u00e9 de s\u00e9vir depuis des jours.Un mois de juin que ressemble plut\u00f4t \u00e0 juillet.Mais \u00e0 certains endroits comme la Munia (zone du lac), Marbor\u00e9 (ainsi son acc\u00e8s, l&rsquo;Embudo) ou le chemin de Pardas&#8230; la neige r\u00e9siste. \u00c9videmment, la br\u00e8che de Tuquerouye (versant&hellip;<\/p>\n","protected":false},"author":2,"featured_media":12176,"comment_status":"open","ping_status":"open","sticky":false,"template":"tpl-full-width.php","format":"standard","meta":{"footnotes":""},"categories":[1,36],"tags":[],"yoast_head":"<!-- This site is optimized with the Yoast SEO plugin v24.5 - https:\/\/yoast.com\/wordpress\/plugins\/seo\/ -->\n<title>Un \u00e9t\u00e9 pr\u00e9coce - Refugio Pineta (Valpineta)<\/title>\n<meta name=\"robots\" content=\"index, follow, max-snippet:-1, max-image-preview:large, max-video-preview:-1\" \/>\n<link rel=\"canonical\" href=\"https:\/\/www.valpineta.eu\/fr\/seadelantaelverano\/\" \/>\n<meta property=\"og:locale\" content=\"fr_FR\" \/>\n<meta property=\"og:type\" content=\"article\" \/>\n<meta property=\"og:title\" content=\"Un \u00e9t\u00e9 pr\u00e9coce - Refugio Pineta (Valpineta)\" \/>\n<meta property=\"og:description\" content=\"Un \u00e9t\u00e9 pr\u00e9coce Reste-t-il de la neige ?Oui, malgr\u00e9 la chaleur qui n&rsquo;a cess\u00e9 de s\u00e9vir depuis des jours.Un mois de juin que ressemble plut\u00f4t \u00e0 juillet.Mais \u00e0 certains endroits comme la Munia (zone du lac), Marbor\u00e9 (ainsi son acc\u00e8s, l&rsquo;Embudo) ou le chemin de Pardas&#8230; la neige r\u00e9siste. \u00c9videmment, la br\u00e8che de Tuquerouye (versant&hellip;\" \/>\n<meta property=\"og:url\" content=\"https:\/\/www.valpineta.eu\/fr\/seadelantaelverano\/\" \/>\n<meta property=\"og:site_name\" content=\"Refugio Pineta (Valpineta)\" \/>\n<meta property=\"article:publisher\" content=\"https:\/\/www.facebook.com\/Refugio-d-Pineta-1689373461292734\/\" \/>\n<meta property=\"article:published_time\" content=\"2022-06-13T20:29:56+00:00\" \/>\n<meta property=\"article:modified_time\" content=\"2022-06-14T09:12:18+00:00\" \/>\n<meta property=\"og:image\" content=\"https:\/\/www.valpineta.eu\/wp-content\/uploads\/2022\/06\/luis-2.png\" \/>\n\t<meta property=\"og:image:width\" content=\"1234\" \/>\n\t<meta property=\"og:image:height\" content=\"777\" \/>\n\t<meta property=\"og:image:type\" content=\"image\/png\" \/>\n<meta name=\"author\" content=\"mariekique\" \/>\n<meta name=\"twitter:card\" content=\"summary_large_image\" \/>\n<meta name=\"twitter:label1\" content=\"\u00c9crit par\" \/>\n\t<meta name=\"twitter:data1\" content=\"mariekique\" \/>\n\t<meta name=\"twitter:label2\" content=\"Dur\u00e9e de lecture estim\u00e9e\" \/>\n\t<meta name=\"twitter:data2\" content=\"1 minute\" \/>\n<script type=\"application\/ld+json\" class=\"yoast-schema-graph\">{\"@context\":\"https:\/\/schema.org\",\"@graph\":[{\"@type\":\"Article\",\"@id\":\"https:\/\/www.valpineta.eu\/fr\/seadelantaelverano\/#article\",\"isPartOf\":{\"@id\":\"https:\/\/www.valpineta.eu\/fr\/seadelantaelverano\/\"},\"author\":{\"name\":\"mariekique\",\"@id\":\"https:\/\/www.valpineta.eu\/#\/schema\/person\/b17ad5391f410d1e0afce3171c59cd6f\"},\"headline\":\"Un \u00e9t\u00e9 pr\u00e9coce\",\"datePublished\":\"2022-06-13T20:29:56+00:00\",\"dateModified\":\"2022-06-14T09:12:18+00:00\",\"mainEntityOfPage\":{\"@id\":\"https:\/\/www.valpineta.eu\/fr\/seadelantaelverano\/\"},\"wordCount\":179,\"commentCount\":0,\"publisher\":{\"@id\":\"https:\/\/www.valpineta.eu\/#organization\"},\"image\":{\"@id\":\"https:\/\/www.valpineta.eu\/fr\/seadelantaelverano\/#primaryimage\"},\"thumbnailUrl\":\"https:\/\/www.valpineta.eu\/wp-content\/uploads\/2022\/06\/luis-2.png\",\"articleSection\":[\"Non classifi\u00e9(e)\",\"Verano\"],\"inLanguage\":\"fr-FR\",\"potentialAction\":[{\"@type\":\"CommentAction\",\"name\":\"Comment\",\"target\":[\"https:\/\/www.valpineta.eu\/fr\/seadelantaelverano\/#respond\"]}]},{\"@type\":\"WebPage\",\"@id\":\"https:\/\/www.valpineta.eu\/fr\/seadelantaelverano\/\",\"url\":\"https:\/\/www.valpineta.eu\/fr\/seadelantaelverano\/\",\"name\":\"Un \u00e9t\u00e9 pr\u00e9coce - Refugio Pineta (Valpineta)\",\"isPartOf\":{\"@id\":\"https:\/\/www.valpineta.eu\/#website\"},\"primaryImageOfPage\":{\"@id\":\"https:\/\/www.valpineta.eu\/fr\/seadelantaelverano\/#primaryimage\"},\"image\":{\"@id\":\"https:\/\/www.valpineta.eu\/fr\/seadelantaelverano\/#primaryimage\"},\"thumbnailUrl\":\"https:\/\/www.valpineta.eu\/wp-content\/uploads\/2022\/06\/luis-2.png\",\"datePublished\":\"2022-06-13T20:29:56+00:00\",\"dateModified\":\"2022-06-14T09:12:18+00:00\",\"breadcrumb\":{\"@id\":\"https:\/\/www.valpineta.eu\/fr\/seadelantaelverano\/#breadcrumb\"},\"inLanguage\":\"fr-FR\",\"potentialAction\":[{\"@type\":\"ReadAction\",\"target\":[\"https:\/\/www.valpineta.eu\/fr\/seadelantaelverano\/\"]}]},{\"@type\":\"ImageObject\",\"inLanguage\":\"fr-FR\",\"@id\":\"https:\/\/www.valpineta.eu\/fr\/seadelantaelverano\/#primaryimage\",\"url\":\"https:\/\/www.valpineta.eu\/wp-content\/uploads\/2022\/06\/luis-2.png\",\"contentUrl\":\"https:\/\/www.valpineta.eu\/wp-content\/uploads\/2022\/06\/luis-2.png\",\"width\":1234,\"height\":777},{\"@type\":\"BreadcrumbList\",\"@id\":\"https:\/\/www.valpineta.eu\/fr\/seadelantaelverano\/#breadcrumb\",\"itemListElement\":[{\"@type\":\"ListItem\",\"position\":1,\"name\":\"Accueil\",\"item\":\"https:\/\/www.valpineta.eu\/fr\/\"},{\"@type\":\"ListItem\",\"position\":2,\"name\":\"Un \u00e9t\u00e9 pr\u00e9coce\"}]},{\"@type\":\"WebSite\",\"@id\":\"https:\/\/www.valpineta.eu\/#website\",\"url\":\"https:\/\/www.valpineta.eu\/\",\"name\":\"Refugio Pineta (Valpineta)\",\"description\":\"Refugio Pineta : La porte de tes r\u00eaves, oses la franchir, et tu te trouveras\",\"publisher\":{\"@id\":\"https:\/\/www.valpineta.eu\/#organization\"},\"potentialAction\":[{\"@type\":\"SearchAction\",\"target\":{\"@type\":\"EntryPoint\",\"urlTemplate\":\"https:\/\/www.valpineta.eu\/?s={search_term_string}\"},\"query-input\":{\"@type\":\"PropertyValueSpecification\",\"valueRequired\":true,\"valueName\":\"search_term_string\"}}],\"inLanguage\":\"fr-FR\"},{\"@type\":\"Organization\",\"@id\":\"https:\/\/www.valpineta.eu\/#organization\",\"name\":\"Refugio Pineta\",\"url\":\"https:\/\/www.valpineta.eu\/\",\"logo\":{\"@type\":\"ImageObject\",\"inLanguage\":\"fr-FR\",\"@id\":\"https:\/\/www.valpineta.eu\/#\/schema\/logo\/image\/\",\"url\":\"https:\/\/www.valpineta.eu\/wp-content\/uploads\/2019\/12\/LOGO-copie-vert.jpg\",\"contentUrl\":\"https:\/\/www.valpineta.eu\/wp-content\/uploads\/2019\/12\/LOGO-copie-vert.jpg\",\"width\":751,\"height\":216,\"caption\":\"Refugio Pineta\"},\"image\":{\"@id\":\"https:\/\/www.valpineta.eu\/#\/schema\/logo\/image\/\"},\"sameAs\":[\"https:\/\/www.facebook.com\/Refugio-d-Pineta-1689373461292734\/\"]},{\"@type\":\"Person\",\"@id\":\"https:\/\/www.valpineta.eu\/#\/schema\/person\/b17ad5391f410d1e0afce3171c59cd6f\",\"name\":\"mariekique\",\"image\":{\"@type\":\"ImageObject\",\"inLanguage\":\"fr-FR\",\"@id\":\"https:\/\/www.valpineta.eu\/#\/schema\/person\/image\/\",\"url\":\"https:\/\/secure.gravatar.com\/avatar\/3d0baa711b86900043699a8c52f9ece6?s=96&d=retro&r=g\",\"contentUrl\":\"https:\/\/secure.gravatar.com\/avatar\/3d0baa711b86900043699a8c52f9ece6?s=96&d=retro&r=g\",\"caption\":\"mariekique\"}}]}<\/script>\n<!-- \/ Yoast SEO plugin. -->","yoast_head_json":{"title":"Un \u00e9t\u00e9 pr\u00e9coce - Refugio Pineta (Valpineta)","robots":{"index":"index","follow":"follow","max-snippet":"max-snippet:-1","max-image-preview":"max-image-preview:large","max-video-preview":"max-video-preview:-1"},"canonical":"https:\/\/www.valpineta.eu\/fr\/seadelantaelverano\/","og_locale":"fr_FR","og_type":"article","og_title":"Un \u00e9t\u00e9 pr\u00e9coce - Refugio Pineta (Valpineta)","og_description":"Un \u00e9t\u00e9 pr\u00e9coce Reste-t-il de la neige ?Oui, malgr\u00e9 la chaleur qui n&rsquo;a cess\u00e9 de s\u00e9vir depuis des jours.Un mois de juin que ressemble plut\u00f4t \u00e0 juillet.Mais \u00e0 certains endroits comme la Munia (zone du lac), Marbor\u00e9 (ainsi son acc\u00e8s, l&rsquo;Embudo) ou le chemin de Pardas&#8230; la neige r\u00e9siste. \u00c9videmment, la br\u00e8che de Tuquerouye (versant&hellip;","og_url":"https:\/\/www.valpineta.eu\/fr\/seadelantaelverano\/","og_site_name":"Refugio Pineta (Valpineta)","article_publisher":"https:\/\/www.facebook.com\/Refugio-d-Pineta-1689373461292734\/","article_published_time":"2022-06-13T20:29:56+00:00","article_modified_time":"2022-06-14T09:12:18+00:00","og_image":[{"width":1234,"height":777,"url":"https:\/\/www.valpineta.eu\/wp-content\/uploads\/2022\/06\/luis-2.png","type":"image\/png"}],"author":"mariekique","twitter_card":"summary_large_image","twitter_misc":{"\u00c9crit par":"mariekique","Dur\u00e9e de lecture estim\u00e9e":"1 minute"},"schema":{"@context":"https:\/\/schema.org","@graph":[{"@type":"Article","@id":"https:\/\/www.valpineta.eu\/fr\/seadelantaelverano\/#article","isPartOf":{"@id":"https:\/\/www.valpineta.eu\/fr\/seadelantaelverano\/"},"author":{"name":"mariekique","@id":"https:\/\/www.valpineta.eu\/#\/schema\/person\/b17ad5391f410d1e0afce3171c59cd6f"},"headline":"Un \u00e9t\u00e9 pr\u00e9coce","datePublished":"2022-06-13T20:29:56+00:00","dateModified":"2022-06-14T09:12:18+00:00","mainEntityOfPage":{"@id":"https:\/\/www.valpineta.eu\/fr\/seadelantaelverano\/"},"wordCount":179,"commentCount":0,"publisher":{"@id":"https:\/\/www.valpineta.eu\/#organization"},"image":{"@id":"https:\/\/www.valpineta.eu\/fr\/seadelantaelverano\/#primaryimage"},"thumbnailUrl":"https:\/\/www.valpineta.eu\/wp-content\/uploads\/2022\/06\/luis-2.png","articleSection":["Non classifi\u00e9(e)","Verano"],"inLanguage":"fr-FR","potentialAction":[{"@type":"CommentAction","name":"Comment","target":["https:\/\/www.valpineta.eu\/fr\/seadelantaelverano\/#respond"]}]},{"@type":"WebPage","@id":"https:\/\/www.valpineta.eu\/fr\/seadelantaelverano\/","url":"https:\/\/www.valpineta.eu\/fr\/seadelantaelverano\/","name":"Un \u00e9t\u00e9 pr\u00e9coce - Refugio Pineta (Valpineta)","isPartOf":{"@id":"https:\/\/www.valpineta.eu\/#website"},"primaryImageOfPage":{"@id":"https:\/\/www.valpineta.eu\/fr\/seadelantaelverano\/#primaryimage"},"image":{"@id":"https:\/\/www.valpineta.eu\/fr\/seadelantaelverano\/#primaryimage"},"thumbnailUrl":"https:\/\/www.valpineta.eu\/wp-content\/uploads\/2022\/06\/luis-2.png","datePublished":"2022-06-13T20:29:56+00:00","dateModified":"2022-06-14T09:12:18+00:00","breadcrumb":{"@id":"https:\/\/www.valpineta.eu\/fr\/seadelantaelverano\/#breadcrumb"},"inLanguage":"fr-FR","potentialAction":[{"@type":"ReadAction","target":["https:\/\/www.valpineta.eu\/fr\/seadelantaelverano\/"]}]},{"@type":"ImageObject","inLanguage":"fr-FR","@id":"https:\/\/www.valpineta.eu\/fr\/seadelantaelverano\/#primaryimage","url":"https:\/\/www.valpineta.eu\/wp-content\/uploads\/2022\/06\/luis-2.png","contentUrl":"https:\/\/www.valpineta.eu\/wp-content\/uploads\/2022\/06\/luis-2.png","width":1234,"height":777},{"@type":"BreadcrumbList","@id":"https:\/\/www.valpineta.eu\/fr\/seadelantaelverano\/#breadcrumb","itemListElement":[{"@type":"ListItem","position":1,"name":"Accueil","item":"https:\/\/www.valpineta.eu\/fr\/"},{"@type":"ListItem","position":2,"name":"Un \u00e9t\u00e9 pr\u00e9coce"}]},{"@type":"WebSite","@id":"https:\/\/www.valpineta.eu\/#website","url":"https:\/\/www.valpineta.eu\/","name":"Refugio Pineta (Valpineta)","description":"Refugio Pineta : La porte de tes r\u00eaves, oses la franchir, et tu te trouveras","publisher":{"@id":"https:\/\/www.valpineta.eu\/#organization"},"potentialAction":[{"@type":"SearchAction","target":{"@type":"EntryPoint","urlTemplate":"https:\/\/www.valpineta.eu\/?s={search_term_string}"},"query-input":{"@type":"PropertyValueSpecification","valueRequired":true,"valueName":"search_term_string"}}],"inLanguage":"fr-FR"},{"@type":"Organization","@id":"https:\/\/www.valpineta.eu\/#organization","name":"Refugio Pineta","url":"https:\/\/www.valpineta.eu\/","logo":{"@type":"ImageObject","inLanguage":"fr-FR","@id":"https:\/\/www.valpineta.eu\/#\/schema\/logo\/image\/","url":"https:\/\/www.valpineta.eu\/wp-content\/uploads\/2019\/12\/LOGO-copie-vert.jpg","contentUrl":"https:\/\/www.valpineta.eu\/wp-content\/uploads\/2019\/12\/LOGO-copie-vert.jpg","width":751,"height":216,"caption":"Refugio Pineta"},"image":{"@id":"https:\/\/www.valpineta.eu\/#\/schema\/logo\/image\/"},"sameAs":["https:\/\/www.facebook.com\/Refugio-d-Pineta-1689373461292734\/"]},{"@type":"Person","@id":"https:\/\/www.valpineta.eu\/#\/schema\/person\/b17ad5391f410d1e0afce3171c59cd6f","name":"mariekique","image":{"@type":"ImageObject","inLanguage":"fr-FR","@id":"https:\/\/www.valpineta.eu\/#\/schema\/person\/image\/","url":"https:\/\/secure.gravatar.com\/avatar\/3d0baa711b86900043699a8c52f9ece6?s=96&d=retro&r=g","contentUrl":"https:\/\/secure.gravatar.com\/avatar\/3d0baa711b86900043699a8c52f9ece6?s=96&d=retro&r=g","caption":"mariekique"}}]}},"_links":{"self":[{"href":"https:\/\/www.valpineta.eu\/fr\/wp-json\/wp\/v2\/posts\/12177"}],"collection":[{"href":"https:\/\/www.valpineta.eu\/fr\/wp-json\/wp\/v2\/posts"}],"about":[{"href":"https:\/\/www.valpineta.eu\/fr\/wp-json\/wp\/v2\/types\/post"}],"author":[{"embeddable":true,"href":"https:\/\/www.valpineta.eu\/fr\/wp-json\/wp\/v2\/users\/2"}],"replies":[{"embeddable":true,"href":"https:\/\/www.valpineta.eu\/fr\/wp-json\/wp\/v2\/comments?post=12177"}],"version-history":[{"count":5,"href":"https:\/\/www.valpineta.eu\/fr\/wp-json\/wp\/v2\/posts\/12177\/revisions"}],"predecessor-version":[{"id":12186,"href":"https:\/\/www.valpineta.eu\/fr\/wp-json\/wp\/v2\/posts\/12177\/revisions\/12186"}],"wp:featuredmedia":[{"embeddable":true,"href":"https:\/\/www.valpineta.eu\/fr\/wp-json\/wp\/v2\/media\/12176"}],"wp:attachment":[{"href":"https:\/\/www.valpineta.eu\/fr\/wp-json\/wp\/v2\/media?parent=12177"}],"wp:term":[{"taxonomy":"category","embeddable":true,"href":"https:\/\/www.valpineta.eu\/fr\/wp-json\/wp\/v2\/categories?post=12177"},{"taxonomy":"post_tag","embeddable":true,"href":"https:\/\/www.valpineta.eu\/fr\/wp-json\/wp\/v2\/tags?post=12177"}],"curies":[{"name":"wp","href":"https:\/\/api.w.org\/{rel}","templated":true}]}}