{"id":10260,"date":"2021-07-08T00:06:49","date_gmt":"2021-07-07T22:06:49","guid":{"rendered":"https:\/\/www.valpineta.eu\/fiestaflores\/"},"modified":"2021-07-29T14:52:10","modified_gmt":"2021-07-29T12:52:10","slug":"fiestaflores","status":"publish","type":"post","link":"https:\/\/www.valpineta.eu\/fr\/fiestaflores\/","title":{"rendered":"Festival de fleurs \u00e0 Pineta !"},"content":{"rendered":"\r\n<h2>Festival de fleurs \u00e0 Pineta !<\/h2>\r\n<p>Les versants les plus ombrag\u00e9s et les plus froids de Pineta sont entr\u00e9s dans l&rsquo;\u00e9t\u00e9.<\/p>\r\n<p>Le chemin de Las Mar\u00edas, celui du col d&rsquo;A\u00f1isclo et la vire de Tormosa nous permettent, ces jours-ci, de profiter d&rsquo;une flore exub\u00e9rante.<\/p>\r\n<p>Pour une fois, nous ne regardons pas les plus hauts sommets&#8230; nous regardons nos pieds et les innombrables fleurs qui les c\u00f4toient&#8230;<\/p>\r\n<p><a role=\"button\" href=\"https:\/\/www.valpineta.eu\/excursion\/punta-de-castiecho\/\" target=\"_blank\" rel=\"noopener\"> Punta de Castiecho (Camino Mar\u00edas) <\/a> <a role=\"button\" href=\"https:\/\/www.valpineta.eu\/fr\/excursion\/faja-de-tormosa\/\" target=\"_blank\" rel=\"noopener\"> Vire de Tormosa <\/a> <a role=\"button\" href=\"https:\/\/www.valpineta.eu\/fr\/excursion\/collado-de-anisclo\/\" target=\"_blank\" rel=\"noopener\"> Collado de A\u00f1isclo <\/a><\/p>\r\n<h3>Quelques fleurs sous les Trois Maries et Anisclo, les 6 y 7 juillet :<\/h3>\r\n<p><a role=\"button\" href=\"https:\/\/www.valpineta.eu\/textos-y-medios\/\" target=\"_blank\" rel=\"noopener\"> M\u00e1s flores en Textos\/Fotos <\/a><\/p>\r\n","protected":false},"excerpt":{"rendered":"<p>Festival de fleurs \u00e0 Pineta ! Les versants les plus ombrag\u00e9s et les plus froids de Pineta sont entr\u00e9s dans l&rsquo;\u00e9t\u00e9. Le chemin de Las Mar\u00edas, celui du col d&rsquo;A\u00f1isclo et la vire de Tormosa nous permettent, ces jours-ci, de profiter d&rsquo;une flore exub\u00e9rante. Pour une fois, nous ne regardons pas les plus hauts sommets&#8230;&hellip;<\/p>\n","protected":false},"author":2,"featured_media":0,"comment_status":"open","ping_status":"open","sticky":false,"template":"tpl-full-width.php","format":"standard","meta":{"footnotes":""},"categories":[1,36],"tags":[],"yoast_head":"<!-- This site is optimized with the Yoast SEO plugin v24.5 - https:\/\/yoast.com\/wordpress\/plugins\/seo\/ -->\n<title>Festival de fleurs \u00e0 Pineta ! - Refugio Pineta (Valpineta)<\/title>\n<meta name=\"robots\" content=\"index, follow, max-snippet:-1, max-image-preview:large, max-video-preview:-1\" \/>\n<link rel=\"canonical\" href=\"https:\/\/www.valpineta.eu\/fr\/fiestaflores\/\" \/>\n<meta property=\"og:locale\" content=\"fr_FR\" \/>\n<meta property=\"og:type\" content=\"article\" \/>\n<meta property=\"og:title\" content=\"Festival de fleurs \u00e0 Pineta ! - Refugio Pineta (Valpineta)\" \/>\n<meta property=\"og:description\" content=\"Festival de fleurs \u00e0 Pineta ! Les versants les plus ombrag\u00e9s et les plus froids de Pineta sont entr\u00e9s dans l&rsquo;\u00e9t\u00e9. Le chemin de Las Mar\u00edas, celui du col d&rsquo;A\u00f1isclo et la vire de Tormosa nous permettent, ces jours-ci, de profiter d&rsquo;une flore exub\u00e9rante. Pour une fois, nous ne regardons pas les plus hauts sommets&#8230;&hellip;\" \/>\n<meta property=\"og:url\" content=\"https:\/\/www.valpineta.eu\/fr\/fiestaflores\/\" \/>\n<meta property=\"og:site_name\" content=\"Refugio Pineta (Valpineta)\" \/>\n<meta property=\"article:publisher\" content=\"https:\/\/www.facebook.com\/Refugio-d-Pineta-1689373461292734\/\" \/>\n<meta property=\"article:published_time\" content=\"2021-07-07T22:06:49+00:00\" \/>\n<meta property=\"article:modified_time\" content=\"2021-07-29T12:52:10+00:00\" \/>\n<meta property=\"og:image\" content=\"https:\/\/www.valpineta.eu\/wp-content\/uploads\/2021\/07\/fleurs-4-scaled.jpg\" \/>\n\t<meta property=\"og:image:width\" content=\"2560\" \/>\n\t<meta property=\"og:image:height\" content=\"1446\" \/>\n\t<meta property=\"og:image:type\" content=\"image\/jpeg\" \/>\n<meta name=\"author\" content=\"mariekique\" \/>\n<meta name=\"twitter:card\" content=\"summary_large_image\" \/>\n<meta name=\"twitter:label1\" content=\"\u00c9crit par\" \/>\n\t<meta name=\"twitter:data1\" content=\"mariekique\" \/>\n\t<meta name=\"twitter:label2\" content=\"Dur\u00e9e de lecture estim\u00e9e\" \/>\n\t<meta name=\"twitter:data2\" content=\"1 minute\" \/>\n<script type=\"application\/ld+json\" class=\"yoast-schema-graph\">{\"@context\":\"https:\/\/schema.org\",\"@graph\":[{\"@type\":\"Article\",\"@id\":\"https:\/\/www.valpineta.eu\/fr\/fiestaflores\/#article\",\"isPartOf\":{\"@id\":\"https:\/\/www.valpineta.eu\/fr\/fiestaflores\/\"},\"author\":{\"name\":\"mariekique\",\"@id\":\"https:\/\/www.valpineta.eu\/#\/schema\/person\/b17ad5391f410d1e0afce3171c59cd6f\"},\"headline\":\"Festival de fleurs \u00e0 Pineta !\",\"datePublished\":\"2021-07-07T22:06:49+00:00\",\"dateModified\":\"2021-07-29T12:52:10+00:00\",\"mainEntityOfPage\":{\"@id\":\"https:\/\/www.valpineta.eu\/fr\/fiestaflores\/\"},\"wordCount\":105,\"commentCount\":0,\"publisher\":{\"@id\":\"https:\/\/www.valpineta.eu\/#organization\"},\"articleSection\":[\"Non classifi\u00e9(e)\",\"Verano\"],\"inLanguage\":\"fr-FR\",\"potentialAction\":[{\"@type\":\"CommentAction\",\"name\":\"Comment\",\"target\":[\"https:\/\/www.valpineta.eu\/fr\/fiestaflores\/#respond\"]}]},{\"@type\":\"WebPage\",\"@id\":\"https:\/\/www.valpineta.eu\/fr\/fiestaflores\/\",\"url\":\"https:\/\/www.valpineta.eu\/fr\/fiestaflores\/\",\"name\":\"Festival de fleurs \u00e0 Pineta ! - Refugio Pineta (Valpineta)\",\"isPartOf\":{\"@id\":\"https:\/\/www.valpineta.eu\/#website\"},\"datePublished\":\"2021-07-07T22:06:49+00:00\",\"dateModified\":\"2021-07-29T12:52:10+00:00\",\"breadcrumb\":{\"@id\":\"https:\/\/www.valpineta.eu\/fr\/fiestaflores\/#breadcrumb\"},\"inLanguage\":\"fr-FR\",\"potentialAction\":[{\"@type\":\"ReadAction\",\"target\":[\"https:\/\/www.valpineta.eu\/fr\/fiestaflores\/\"]}]},{\"@type\":\"BreadcrumbList\",\"@id\":\"https:\/\/www.valpineta.eu\/fr\/fiestaflores\/#breadcrumb\",\"itemListElement\":[{\"@type\":\"ListItem\",\"position\":1,\"name\":\"Accueil\",\"item\":\"https:\/\/www.valpineta.eu\/fr\/\"},{\"@type\":\"ListItem\",\"position\":2,\"name\":\"Festival de fleurs \u00e0 Pineta !\"}]},{\"@type\":\"WebSite\",\"@id\":\"https:\/\/www.valpineta.eu\/#website\",\"url\":\"https:\/\/www.valpineta.eu\/\",\"name\":\"Refugio Pineta (Valpineta)\",\"description\":\"Refugio Pineta : La porte de tes r\u00eaves, oses la franchir, et tu te trouveras\",\"publisher\":{\"@id\":\"https:\/\/www.valpineta.eu\/#organization\"},\"potentialAction\":[{\"@type\":\"SearchAction\",\"target\":{\"@type\":\"EntryPoint\",\"urlTemplate\":\"https:\/\/www.valpineta.eu\/?s={search_term_string}\"},\"query-input\":{\"@type\":\"PropertyValueSpecification\",\"valueRequired\":true,\"valueName\":\"search_term_string\"}}],\"inLanguage\":\"fr-FR\"},{\"@type\":\"Organization\",\"@id\":\"https:\/\/www.valpineta.eu\/#organization\",\"name\":\"Refugio Pineta\",\"url\":\"https:\/\/www.valpineta.eu\/\",\"logo\":{\"@type\":\"ImageObject\",\"inLanguage\":\"fr-FR\",\"@id\":\"https:\/\/www.valpineta.eu\/#\/schema\/logo\/image\/\",\"url\":\"https:\/\/www.valpineta.eu\/wp-content\/uploads\/2019\/12\/LOGO-copie-vert.jpg\",\"contentUrl\":\"https:\/\/www.valpineta.eu\/wp-content\/uploads\/2019\/12\/LOGO-copie-vert.jpg\",\"width\":751,\"height\":216,\"caption\":\"Refugio Pineta\"},\"image\":{\"@id\":\"https:\/\/www.valpineta.eu\/#\/schema\/logo\/image\/\"},\"sameAs\":[\"https:\/\/www.facebook.com\/Refugio-d-Pineta-1689373461292734\/\"]},{\"@type\":\"Person\",\"@id\":\"https:\/\/www.valpineta.eu\/#\/schema\/person\/b17ad5391f410d1e0afce3171c59cd6f\",\"name\":\"mariekique\",\"image\":{\"@type\":\"ImageObject\",\"inLanguage\":\"fr-FR\",\"@id\":\"https:\/\/www.valpineta.eu\/#\/schema\/person\/image\/\",\"url\":\"https:\/\/secure.gravatar.com\/avatar\/3d0baa711b86900043699a8c52f9ece6?s=96&d=retro&r=g\",\"contentUrl\":\"https:\/\/secure.gravatar.com\/avatar\/3d0baa711b86900043699a8c52f9ece6?s=96&d=retro&r=g\",\"caption\":\"mariekique\"}}]}<\/script>\n<!-- \/ Yoast SEO plugin. -->","yoast_head_json":{"title":"Festival de fleurs \u00e0 Pineta ! - Refugio Pineta (Valpineta)","robots":{"index":"index","follow":"follow","max-snippet":"max-snippet:-1","max-image-preview":"max-image-preview:large","max-video-preview":"max-video-preview:-1"},"canonical":"https:\/\/www.valpineta.eu\/fr\/fiestaflores\/","og_locale":"fr_FR","og_type":"article","og_title":"Festival de fleurs \u00e0 Pineta ! - Refugio Pineta (Valpineta)","og_description":"Festival de fleurs \u00e0 Pineta ! Les versants les plus ombrag\u00e9s et les plus froids de Pineta sont entr\u00e9s dans l&rsquo;\u00e9t\u00e9. Le chemin de Las Mar\u00edas, celui du col d&rsquo;A\u00f1isclo et la vire de Tormosa nous permettent, ces jours-ci, de profiter d&rsquo;une flore exub\u00e9rante. Pour une fois, nous ne regardons pas les plus hauts sommets&#8230;&hellip;","og_url":"https:\/\/www.valpineta.eu\/fr\/fiestaflores\/","og_site_name":"Refugio Pineta (Valpineta)","article_publisher":"https:\/\/www.facebook.com\/Refugio-d-Pineta-1689373461292734\/","article_published_time":"2021-07-07T22:06:49+00:00","article_modified_time":"2021-07-29T12:52:10+00:00","og_image":[{"width":2560,"height":1446,"url":"https:\/\/www.valpineta.eu\/wp-content\/uploads\/2021\/07\/fleurs-4-scaled.jpg","type":"image\/jpeg"}],"author":"mariekique","twitter_card":"summary_large_image","twitter_misc":{"\u00c9crit par":"mariekique","Dur\u00e9e de lecture estim\u00e9e":"1 minute"},"schema":{"@context":"https:\/\/schema.org","@graph":[{"@type":"Article","@id":"https:\/\/www.valpineta.eu\/fr\/fiestaflores\/#article","isPartOf":{"@id":"https:\/\/www.valpineta.eu\/fr\/fiestaflores\/"},"author":{"name":"mariekique","@id":"https:\/\/www.valpineta.eu\/#\/schema\/person\/b17ad5391f410d1e0afce3171c59cd6f"},"headline":"Festival de fleurs \u00e0 Pineta !","datePublished":"2021-07-07T22:06:49+00:00","dateModified":"2021-07-29T12:52:10+00:00","mainEntityOfPage":{"@id":"https:\/\/www.valpineta.eu\/fr\/fiestaflores\/"},"wordCount":105,"commentCount":0,"publisher":{"@id":"https:\/\/www.valpineta.eu\/#organization"},"articleSection":["Non classifi\u00e9(e)","Verano"],"inLanguage":"fr-FR","potentialAction":[{"@type":"CommentAction","name":"Comment","target":["https:\/\/www.valpineta.eu\/fr\/fiestaflores\/#respond"]}]},{"@type":"WebPage","@id":"https:\/\/www.valpineta.eu\/fr\/fiestaflores\/","url":"https:\/\/www.valpineta.eu\/fr\/fiestaflores\/","name":"Festival de fleurs \u00e0 Pineta ! - Refugio Pineta (Valpineta)","isPartOf":{"@id":"https:\/\/www.valpineta.eu\/#website"},"datePublished":"2021-07-07T22:06:49+00:00","dateModified":"2021-07-29T12:52:10+00:00","breadcrumb":{"@id":"https:\/\/www.valpineta.eu\/fr\/fiestaflores\/#breadcrumb"},"inLanguage":"fr-FR","potentialAction":[{"@type":"ReadAction","target":["https:\/\/www.valpineta.eu\/fr\/fiestaflores\/"]}]},{"@type":"BreadcrumbList","@id":"https:\/\/www.valpineta.eu\/fr\/fiestaflores\/#breadcrumb","itemListElement":[{"@type":"ListItem","position":1,"name":"Accueil","item":"https:\/\/www.valpineta.eu\/fr\/"},{"@type":"ListItem","position":2,"name":"Festival de fleurs \u00e0 Pineta !"}]},{"@type":"WebSite","@id":"https:\/\/www.valpineta.eu\/#website","url":"https:\/\/www.valpineta.eu\/","name":"Refugio Pineta (Valpineta)","description":"Refugio Pineta : La porte de tes r\u00eaves, oses la franchir, et tu te trouveras","publisher":{"@id":"https:\/\/www.valpineta.eu\/#organization"},"potentialAction":[{"@type":"SearchAction","target":{"@type":"EntryPoint","urlTemplate":"https:\/\/www.valpineta.eu\/?s={search_term_string}"},"query-input":{"@type":"PropertyValueSpecification","valueRequired":true,"valueName":"search_term_string"}}],"inLanguage":"fr-FR"},{"@type":"Organization","@id":"https:\/\/www.valpineta.eu\/#organization","name":"Refugio Pineta","url":"https:\/\/www.valpineta.eu\/","logo":{"@type":"ImageObject","inLanguage":"fr-FR","@id":"https:\/\/www.valpineta.eu\/#\/schema\/logo\/image\/","url":"https:\/\/www.valpineta.eu\/wp-content\/uploads\/2019\/12\/LOGO-copie-vert.jpg","contentUrl":"https:\/\/www.valpineta.eu\/wp-content\/uploads\/2019\/12\/LOGO-copie-vert.jpg","width":751,"height":216,"caption":"Refugio Pineta"},"image":{"@id":"https:\/\/www.valpineta.eu\/#\/schema\/logo\/image\/"},"sameAs":["https:\/\/www.facebook.com\/Refugio-d-Pineta-1689373461292734\/"]},{"@type":"Person","@id":"https:\/\/www.valpineta.eu\/#\/schema\/person\/b17ad5391f410d1e0afce3171c59cd6f","name":"mariekique","image":{"@type":"ImageObject","inLanguage":"fr-FR","@id":"https:\/\/www.valpineta.eu\/#\/schema\/person\/image\/","url":"https:\/\/secure.gravatar.com\/avatar\/3d0baa711b86900043699a8c52f9ece6?s=96&d=retro&r=g","contentUrl":"https:\/\/secure.gravatar.com\/avatar\/3d0baa711b86900043699a8c52f9ece6?s=96&d=retro&r=g","caption":"mariekique"}}]}},"_links":{"self":[{"href":"https:\/\/www.valpineta.eu\/fr\/wp-json\/wp\/v2\/posts\/10260"}],"collection":[{"href":"https:\/\/www.valpineta.eu\/fr\/wp-json\/wp\/v2\/posts"}],"about":[{"href":"https:\/\/www.valpineta.eu\/fr\/wp-json\/wp\/v2\/types\/post"}],"author":[{"embeddable":true,"href":"https:\/\/www.valpineta.eu\/fr\/wp-json\/wp\/v2\/users\/2"}],"replies":[{"embeddable":true,"href":"https:\/\/www.valpineta.eu\/fr\/wp-json\/wp\/v2\/comments?post=10260"}],"version-history":[{"count":3,"href":"https:\/\/www.valpineta.eu\/fr\/wp-json\/wp\/v2\/posts\/10260\/revisions"}],"predecessor-version":[{"id":10456,"href":"https:\/\/www.valpineta.eu\/fr\/wp-json\/wp\/v2\/posts\/10260\/revisions\/10456"}],"wp:attachment":[{"href":"https:\/\/www.valpineta.eu\/fr\/wp-json\/wp\/v2\/media?parent=10260"}],"wp:term":[{"taxonomy":"category","embeddable":true,"href":"https:\/\/www.valpineta.eu\/fr\/wp-json\/wp\/v2\/categories?post=10260"},{"taxonomy":"post_tag","embeddable":true,"href":"https:\/\/www.valpineta.eu\/fr\/wp-json\/wp\/v2\/tags?post=10260"}],"curies":[{"name":"wp","href":"https:\/\/api.w.org\/{rel}","templated":true}]}}